{"id":17769,"date":"2013-06-21T18:02:42","date_gmt":"2013-06-21T21:02:42","guid":{"rendered":"http:\/\/vocesdebaires.com.ar\/wordpress\/index.php\/2013\/06\/21\/nuevo-campeon-del-futbol\/"},"modified":"2013-06-21T18:02:42","modified_gmt":"2013-06-21T21:02:42","slug":"nuevo-campeon-del-futbol","status":"publish","type":"post","link":"https:\/\/vocesdebaires.com.ar\/index.php\/2013\/06\/21\/nuevo-campeon-del-futbol\/","title":{"rendered":"Nuevo campe\u00f3n del f\u00fatbol"},"content":{"rendered":"<p>El Club Atl\u00e9tico Newell&#8217;s Old Boys se consagr\u00f3 campe\u00f3n del Torneo Final 2013 &quot;Eva Per\u00f3n&quot; de Primera Divisi\u00f3n. Los pasos del campe\u00f3n<br \/>\n Fecha 1: Independiente 1 &#8211; Newell&#8217;s Old Boys 3<br \/>\nFecha 2: Newell&#8217;s Old Boys 0 &#8211; Lan\u00fas 3<br \/>\nFecha 3: San Mart\u00edn de San Juan 1 &#8211; Newell&#8217;s Old Boys 1<br \/>\nFecha 4: Newell&#8217;s Old Boys 2 &#8211; Belgrano de C\u00f3rdoba 0<br \/>\nFecha 5: Estudiantes de La Plata 2 &#8211; Newell&#8217;s Old Boys 4<br \/>\nFecha 6: Newell&#8217;s Old Boys 1 &#8211; River Plate 0<br \/>\nFecha 7: San Lorenzo 0 &#8211; Newell&#8217;s Old Boys 1<br \/>\nFecha 8: Newell&#8217;s Old Boys 1 &#8211; Col\u00f3n de Santa Fe 2<br \/>\nFecha 9: Newell&#8217;s Old Boys 3 &#8211; Tigre 1<br \/>\nFecha 10: V\u00e9lez Sarsfield 1 &#8211; Newell&#8217;s Old Boys 3<br \/>\nFecha 11: Newell&#8217;s Old Boys 4 &#8211; Racing Club 3<br \/>\nFecha 12: Arsenal F.C. 2 &#8211; Newell&#8217;s Old Boys 0<br \/>\nFecha 13: Newell&#8217;s Old Boys 3 &#8211; Godoy Cruz 1<br \/>\nFecha 14: Quilmes A.C. 1 &#8211; Newell&#8217;s Old Boys 1<br \/>\nFecha 15: Newell&#8217;s Old Boys 4 &#8211; Boca Juniors 0<br \/>\nFecha 16: All Boys 2 &#8211; Newell&#8217;s Old Boys 1<br \/>\nFecha 17: Newell&#8217;s Old Boys 5 &#8211; Uni\u00f3n de Santa Fe 0<br \/>\nFecha 18: Atl\u00e9tico de Rafaela 0 &#8211; Newell&#8217;s Old Boys 3<br \/>\nFecha 19: Newell&#8217;s Old Boys &#8211; Argentinos Juniors<br \/>\n Isaac Newell naci\u00f3 en Strood -poblado ubicado a orillas del r\u00edo Medway en el condado de Kent, Inglaterra- el 24 de abril de 1853. Lleg\u00f3 a la Argentina con 16 a\u00f1os en 1869, y de inmediato se incorpor\u00f3 al ferrocarril como aprendiz de telegrafista. Posteriormente, termin\u00f3 sus estudios para dedicarse a su verdadera vocaci\u00f3n: la docencia. El 3 de noviembre de 1903, Claudio Lorenzo Newell, acompa\u00f1ado por un grupo de alumnos y ex alumnos de su padre Isaac, fundan el Club Atl\u00e9tico Newell\u2019s Old Boys. Dado que la expresi\u00f3n old boys significa egresados. Los fundadores eligen para el dise\u00f1o de la primera camiseta los colores del viejo escudo del colegio: el rojo y el negro. Desde aquel momento y para siempre ser\u00e1 el emblema que representar\u00e1 a Newell\u2019s Old Boys.  En 1905 se funda la Liga Rosarina de Football, una iniciativa del representante rojinegro V\u00edctor Heitz, que es secundada por Diego Le Bas, presidente del Club Atl\u00e9tico del Rosario. De ese modo, la ciudad fue testigo del primer campeonato oficial, al instaurarse la \u201cCopa Santiago Pinasco\u201d, que Newell\u2019s gan\u00f3 de manera invicta. Ese a\u00f1o se jug\u00f3 por primera vez el cl\u00e1sico rosarino y Newell\u2019s Old Boys venci\u00f3 a Rosario Central por 1 &#8211; 0 con gol de Faustino Gonz\u00e1lez.<br \/>\n\u00a0<br \/>\nEn 1931, tras una huelga de jugadores en Buenos Aires, la Liga Porte\u00f1a decide instaurar el profesionalismo. La medida repercute en Rosario, donde se funda la Asociaci\u00f3n Rosarina de Football, tambi\u00e9n de car\u00e1cter profesional. Newell\u2019s se convierte en el primer campe\u00f3n profesional de la ciudad, ganando la \u201cCopa Gobernador Molinas\u201d en 1931. En 1939 las gestiones del dirigente Dr. Carlos Colombres, y tanto Newell\u2019s Old Boys como Rosario Central ingresan a los campeonatos regulares de AFA. Con buenas actuaciones, Newell\u2019s se afirm\u00f3 r\u00e1pidamente en la Primera Divisi\u00f3n.  El a\u00f1o 1974, luego de una muy buena campa\u00f1a, Newell\u2019s se clasifica al cuadrangular final del \u201cTorneo Metropolitano\u201d. En Buenos Aires, vence a Hurac\u00e1n 3-2 y a Boca Juniors 1-0. De ese modo, el 2 de junio llega a la definici\u00f3n del campeonato mano a mano con su rival de toda la vida. En Arroyito, tras ir perdiendo 0-2, Armando Capurro y Mario Zanabria le dan el empate y la consagraci\u00f3n a Newell\u2019s.<br \/>\n Conducido por Jos\u00e9 Yudica y con un plantel compuesto \u00edntegramente por jugadores surgidos del club, Newell\u2019s se consagra campe\u00f3n de Primera Divisi\u00f3n dos fechas antes de finalizar la temporada. Ese a\u00f1o, Newell\u2019s disputar\u00e1 la \u201cCopa Libertadores de Am\u00e9rica\u201d, llegando por primera vez a la final.  Marcelo Bielsa, tras recibir al equipo de Primera Divisi\u00f3n en una situaci\u00f3n comprometida, condujo a Newell\u2019s a la consagraci\u00f3n en el \u201cTorneo Apertura 1990\u201d. Luego, lleg\u00f3 la final del \u201cCampeonato de Primera Divisi\u00f3n 1990\/1991\u201d en la Bombonera frente a Boca Juniors, obteniendo el t\u00edtulo tras definiciones de punto penal. Al a\u00f1o siguiente, Newell\u2019s encar\u00f3 la \u201cCopa Libertadores de Am\u00e9rica\u201d y leg\u00f3 nuevamente a la final, frente al Sao Paulo de Brasil. Pero los penales no favorecieron al equipo de Bielsa, quedando a tan s\u00f3lo doce pasos de la consagraci\u00f3n continental. R\u00e1pidamente se animil\u00f3 la derrota y regres\u00f3 al pa\u00eds para obtener el \u201cTorneo Clausura 1992\u201d.La identificaci\u00f3n entre el director t\u00e9cnico, la hinchada y la instituci\u00f3n qued\u00f3 registrada el 22 de diciembre de 2009, cuando el estadio pas\u00f3 a denominarse \u201cMarcelo Alberto Bielsa\u201d.<br \/>\n\u00a0<br \/>\nEn el 2012, Gerardo Martino asumi\u00f3 como entrenador y obtuvo importantes resultados. En el Clausura 2012, Newell&#8217;s Old Boys sum\u00f3 32 puntos y evit\u00f3 problemas en los promedios. En el Torneo Inicial siguiente estuvo nuevamente a punto de ganar el t\u00edtulo, lo que le permiti\u00f3 clasificar a la Copa Libertadores 2013, torneo en el que disputa las Semifinales.<br \/>\n\u00a0<br \/>\n\u00a0<br \/>\n\u00a0<br \/>\n\u00a0<br \/>\n\u00a0<br \/>\n\u00a0<br \/>\n\u00a0<br \/>\n\u00a0<br \/>\n\u00a0<br \/>\n\u00a0<\/p>\n","protected":false},"excerpt":{"rendered":"<p>El Club Atl\u00e9tico Newell&#8217;s Old Boys se consagr\u00f3 campe\u00f3n del Torneo Final 2013 &quot;Eva Per\u00f3n&quot; de Primera Divisi\u00f3n. Los pasos del campe\u00f3n Fecha 1: Independiente 1 &#8211; Newell&#8217;s Old Boys 3 Fecha 2: Newell&#8217;s Old Boys 0 &#8211; Lan\u00fas 3 Fecha 3: San Mart\u00edn de San Juan 1 &#8211; Newell&#8217;s Old Boys 1 Fecha 4: [&hellip;]<\/p>\n","protected":false},"author":2,"featured_media":17770,"comment_status":"open","ping_status":"open","sticky":false,"template":"","format":"standard","meta":{"_et_pb_use_builder":"","_et_pb_old_content":"","_et_gb_content_width":"","footnotes":""},"categories":[39,14],"tags":[],"class_list":["post-17769","post","type-post","status-publish","format-standard","has-post-thumbnail","hentry","category-1o-division-a","category-deportes"],"_links":{"self":[{"href":"https:\/\/vocesdebaires.com.ar\/index.php\/wp-json\/wp\/v2\/posts\/17769"}],"collection":[{"href":"https:\/\/vocesdebaires.com.ar\/index.php\/wp-json\/wp\/v2\/posts"}],"about":[{"href":"https:\/\/vocesdebaires.com.ar\/index.php\/wp-json\/wp\/v2\/types\/post"}],"author":[{"embeddable":true,"href":"https:\/\/vocesdebaires.com.ar\/index.php\/wp-json\/wp\/v2\/users\/2"}],"replies":[{"embeddable":true,"href":"https:\/\/vocesdebaires.com.ar\/index.php\/wp-json\/wp\/v2\/comments?post=17769"}],"version-history":[{"count":0,"href":"https:\/\/vocesdebaires.com.ar\/index.php\/wp-json\/wp\/v2\/posts\/17769\/revisions"}],"wp:featuredmedia":[{"embeddable":true,"href":"https:\/\/vocesdebaires.com.ar\/index.php\/wp-json\/wp\/v2\/media\/17770"}],"wp:attachment":[{"href":"https:\/\/vocesdebaires.com.ar\/index.php\/wp-json\/wp\/v2\/media?parent=17769"}],"wp:term":[{"taxonomy":"category","embeddable":true,"href":"https:\/\/vocesdebaires.com.ar\/index.php\/wp-json\/wp\/v2\/categories?post=17769"},{"taxonomy":"post_tag","embeddable":true,"href":"https:\/\/vocesdebaires.com.ar\/index.php\/wp-json\/wp\/v2\/tags?post=17769"}],"curies":[{"name":"wp","href":"https:\/\/api.w.org\/{rel}","templated":true}]}}