{"id":1782,"date":"2020-06-04T03:00:00","date_gmt":"2020-06-04T06:00:00","guid":{"rendered":"http:\/\/vocesdebaires.com.ar\/wordpress\/index.php\/2020\/06\/04\/flores-museo-cerrado-se-sostiene-por-vecinos\/"},"modified":"2020-06-04T03:00:00","modified_gmt":"2020-06-04T06:00:00","slug":"flores-museo-cerrado-se-sostiene-por-vecinos","status":"publish","type":"post","link":"https:\/\/vocesdebaires.com.ar\/index.php\/2020\/06\/04\/flores-museo-cerrado-se-sostiene-por-vecinos\/","title":{"rendered":"Flores: Museo cerrado se sostiene por vecinos"},"content":{"rendered":"<p>La crisis producto del coronavirus le est\u00e1 pegando duro a los emprendimientos que no pueden continuar con sus actividades, incluidos los espacios culturales, como el Museo Barrio de Flores, el primer museo dedicado a un barrio en toda la Ciudad de Buenos Aires, que no posee recursos y desde el inicio de la cuarentena se sostiene gracias a los vecinos. El Museo es una asociaci\u00f3n civil sin fines de lucro que debi\u00f3 cerrar sus puertas de la calle Ram\u00f3n Falc\u00f3n 1893 a fines de marzo, lo que implic\u00f3 que estos meses no cuente con los ingresos de entradas, ni cursos presenciales ni visitas guiadas. Ante esta dif\u00edcil situaci\u00f3n, desde el mismo solicitaron colaboraci\u00f3n a los vecinos para que la pandemia no los obligue a cerrar definitivamente el proyecto cultural.<\/p>\n<p>La gente respondi\u00f3 a su pedido de ayuda y logr\u00f3 afrontar los gastos de abril y mayo pero, a pesar de que se adapt\u00f3 para seguir brindando cultura a los vecinos a trav\u00e9s de cursos online, la crisis contin\u00faa y requiere colaboraci\u00f3n para pagar el alquiler, AySA, ABL, Fibertel, Speedy, Edesur, alarma, seguros, honorarios de limpieza, atenci\u00f3n y seguridad, entre otros gastos de junio. \u00abPedimos tu ayuda para seguir adelante con nuestro edificio, un proyecto cultural, \u00fanico y orgullo de la ciudad. Vos nos ayudaste a crearlo, ahora te pedimos ayuda para sostenerlo\u201d, difunden desde el Museo.<\/p>\n<p>Quienes deseen colaborar, pueden hacerlo por Mercado Pago ingresando en los siguientes links:<br \/>Donaci\u00f3n de $ 300\u00a0\u00a0\u00a0\u00a0\u00a0\u00a0\u00a0\u00a0 <a href=\"https:\/\/bit.ly\/Dona300alMuseo\">https:\/\/bit.ly\/Dona300alMuseo<\/a><br \/>Donaci\u00f3n de $ 500\u00a0\u00a0\u00a0\u00a0\u00a0\u00a0\u00a0\u00a0 <a href=\"https:\/\/bit.ly\/Dona500alMuseo\">https:\/\/bit.ly\/Dona500alMuseo<\/a><br \/>Donaci\u00f3n de $ 1000\u00a0\u00a0\u00a0\u00a0\u00a0\u00a0 <a href=\"https:\/\/bit.ly\/Dona1000alMuseo\">https:\/\/bit.ly\/Dona1000alMuseo<\/a><\/p>\n<p>Sino tambi\u00e9n pueden elegir el importe que prefieran de donaci\u00f3n por transferencia bancaria (Museo Barrio de Flores Asociaci\u00f3n Civil \u2013 Banco Ciudad. N\u00famero Cuenta 000301800050064997- CBU 0290018600000500649978 \u2013 CUIT 30 71671821 9) Cabe destacar que el Museo Barrio de Flores, cuyas actividades fueron declaradas de Inter\u00e9s Cultural por la Legislatura porte\u00f1a, es una asociaci\u00f3n que naci\u00f3 del esfuerzo de vecinos y adquiere, conserva, investiga, comunica y expone los 214 a\u00f1os de historia del barrio de Flores sin recibir ayuda oficial.<\/p>\n","protected":false},"excerpt":{"rendered":"<p>La crisis producto del coronavirus le est\u00e1 pegando duro a los emprendimientos que no pueden continuar con sus actividades, incluidos los espacios culturales, como el Museo Barrio de Flores, el primer museo dedicado a un barrio en toda la Ciudad de Buenos Aires, que no posee recursos y desde el inicio de la cuarentena se [&hellip;]<\/p>\n","protected":false},"author":1,"featured_media":1783,"comment_status":"open","ping_status":"open","sticky":false,"template":"","format":"standard","meta":{"_et_pb_use_builder":"","_et_pb_old_content":"","_et_gb_content_width":"","footnotes":""},"categories":[11,32],"tags":[],"class_list":["post-1782","post","type-post","status-publish","format-standard","has-post-thumbnail","hentry","category-ciudad","category-comunas"],"_links":{"self":[{"href":"https:\/\/vocesdebaires.com.ar\/index.php\/wp-json\/wp\/v2\/posts\/1782"}],"collection":[{"href":"https:\/\/vocesdebaires.com.ar\/index.php\/wp-json\/wp\/v2\/posts"}],"about":[{"href":"https:\/\/vocesdebaires.com.ar\/index.php\/wp-json\/wp\/v2\/types\/post"}],"author":[{"embeddable":true,"href":"https:\/\/vocesdebaires.com.ar\/index.php\/wp-json\/wp\/v2\/users\/1"}],"replies":[{"embeddable":true,"href":"https:\/\/vocesdebaires.com.ar\/index.php\/wp-json\/wp\/v2\/comments?post=1782"}],"version-history":[{"count":0,"href":"https:\/\/vocesdebaires.com.ar\/index.php\/wp-json\/wp\/v2\/posts\/1782\/revisions"}],"wp:featuredmedia":[{"embeddable":true,"href":"https:\/\/vocesdebaires.com.ar\/index.php\/wp-json\/wp\/v2\/media\/1783"}],"wp:attachment":[{"href":"https:\/\/vocesdebaires.com.ar\/index.php\/wp-json\/wp\/v2\/media?parent=1782"}],"wp:term":[{"taxonomy":"category","embeddable":true,"href":"https:\/\/vocesdebaires.com.ar\/index.php\/wp-json\/wp\/v2\/categories?post=1782"},{"taxonomy":"post_tag","embeddable":true,"href":"https:\/\/vocesdebaires.com.ar\/index.php\/wp-json\/wp\/v2\/tags?post=1782"}],"curies":[{"name":"wp","href":"https:\/\/api.w.org\/{rel}","templated":true}]}}