{"id":1784,"date":"2020-06-04T03:00:00","date_gmt":"2020-06-04T06:00:00","guid":{"rendered":"http:\/\/vocesdebaires.com.ar\/wordpress\/index.php\/2020\/06\/04\/barrio-31-postas-febriles-en-las-calles\/"},"modified":"2020-06-04T03:00:00","modified_gmt":"2020-06-04T06:00:00","slug":"barrio-31-postas-febriles-en-las-calles","status":"publish","type":"post","link":"https:\/\/vocesdebaires.com.ar\/index.php\/2020\/06\/04\/barrio-31-postas-febriles-en-las-calles\/","title":{"rendered":"Barrio 31: Postas febriles en las calles"},"content":{"rendered":"<p>Si pasaste por la Feria, por Perette o caminaste por el Paseo Comercial seguramente viste unas carpas amarillas, son algunas de las 10 postas febriles que est\u00e1n funcionando todos los d\u00edas en el barrio. Pod\u00e9s acercarte a cualquiera de ellas para tomarte la temperatura y para aclarar todas tus dudas sobre el Coronavirus y sobre c\u00f3mo prevenirlo en tu casa, cuando sal\u00eds a comprar o a trabajar. Tambi\u00e9n pod\u00e9s acercarte si te sent\u00eds con fiebre, ya que en ellas podr\u00e1n ayudarte y acompa\u00f1arte al Polo Walsh, junto al Ministerio de Educaci\u00f3n, donde se est\u00e1 realizando el operativo de hisopado.<\/p>\n<p>Est\u00e1n ubicadas en puntos estrat\u00e9gicos del barrio, para cuidar a todos los vecinos y vecinas:<br \/>Perette esq. Feria Latina<br \/>Prefectura Naval esq. Av. Gendarmer\u00eda Nacional<br \/>Calle Nueva y entradas de San Mart\u00edn, junto a la entrada a la Terminal de Retiro<br \/>Paseo Comercial, junto a la cancha del Galp\u00f3n<br \/>Av. Ram\u00f3n Castillo, en la esquina con Calle 12 y junto a la calle de Viviendas Nuevas YPF<br \/>Puente Peatonal de Cristo Obrero<br \/>Ante cualquier duda, no dudes en acercarte a la m\u00e1s cercana a tu casa. Record\u00e1 que tambi\u00e9n pod\u00e9s aclarar tus dudas sobre el Coronavirus entrando al siguiente link.\u00a0 <a href=\"https:\/\/www.buenosaires.gob.ar\/jefaturadegabinete\/secretaria-de-integracion-social-y-urbana\/barrio-mugica-informacion-sobre-covid\">https:\/\/www.buenosaires.gob.ar\/jefaturadegabinete\/secretaria-de-integracion-social-y-urbana\/barrio-mugica-informacion-sobre-covid<\/a><\/p>\n","protected":false},"excerpt":{"rendered":"<p>Si pasaste por la Feria, por Perette o caminaste por el Paseo Comercial seguramente viste unas carpas amarillas, son algunas de las 10 postas febriles que est\u00e1n funcionando todos los d\u00edas en el barrio. Pod\u00e9s acercarte a cualquiera de ellas para tomarte la temperatura y para aclarar todas tus dudas sobre el Coronavirus y sobre [&hellip;]<\/p>\n","protected":false},"author":1,"featured_media":1785,"comment_status":"open","ping_status":"open","sticky":false,"template":"","format":"standard","meta":{"_et_pb_use_builder":"","_et_pb_old_content":"","_et_gb_content_width":"","footnotes":""},"categories":[11,32],"tags":[],"class_list":["post-1784","post","type-post","status-publish","format-standard","has-post-thumbnail","hentry","category-ciudad","category-comunas"],"_links":{"self":[{"href":"https:\/\/vocesdebaires.com.ar\/index.php\/wp-json\/wp\/v2\/posts\/1784"}],"collection":[{"href":"https:\/\/vocesdebaires.com.ar\/index.php\/wp-json\/wp\/v2\/posts"}],"about":[{"href":"https:\/\/vocesdebaires.com.ar\/index.php\/wp-json\/wp\/v2\/types\/post"}],"author":[{"embeddable":true,"href":"https:\/\/vocesdebaires.com.ar\/index.php\/wp-json\/wp\/v2\/users\/1"}],"replies":[{"embeddable":true,"href":"https:\/\/vocesdebaires.com.ar\/index.php\/wp-json\/wp\/v2\/comments?post=1784"}],"version-history":[{"count":0,"href":"https:\/\/vocesdebaires.com.ar\/index.php\/wp-json\/wp\/v2\/posts\/1784\/revisions"}],"wp:featuredmedia":[{"embeddable":true,"href":"https:\/\/vocesdebaires.com.ar\/index.php\/wp-json\/wp\/v2\/media\/1785"}],"wp:attachment":[{"href":"https:\/\/vocesdebaires.com.ar\/index.php\/wp-json\/wp\/v2\/media?parent=1784"}],"wp:term":[{"taxonomy":"category","embeddable":true,"href":"https:\/\/vocesdebaires.com.ar\/index.php\/wp-json\/wp\/v2\/categories?post=1784"},{"taxonomy":"post_tag","embeddable":true,"href":"https:\/\/vocesdebaires.com.ar\/index.php\/wp-json\/wp\/v2\/tags?post=1784"}],"curies":[{"name":"wp","href":"https:\/\/api.w.org\/{rel}","templated":true}]}}