{"id":1786,"date":"2020-06-04T03:00:00","date_gmt":"2020-06-04T06:00:00","guid":{"rendered":"http:\/\/vocesdebaires.com.ar\/wordpress\/index.php\/2020\/06\/04\/recomendaciones-para-autoservicio-de-alimentos\/"},"modified":"2020-06-04T03:00:00","modified_gmt":"2020-06-04T06:00:00","slug":"recomendaciones-para-autoservicio-de-alimentos","status":"publish","type":"post","link":"https:\/\/vocesdebaires.com.ar\/index.php\/2020\/06\/04\/recomendaciones-para-autoservicio-de-alimentos\/","title":{"rendered":"Recomendaciones para autoservicio de alimentos"},"content":{"rendered":"<p>En el caso de las panader\u00edas que exhiben las facturas, es importante que tanto la bandeja como las pinzas que se usan para extraerlas, sean manipuladas solamente por personal del comercio, es decir que los consumidores no tengan acceso a las mismas. De esta manera evitaremos una mala manipulaci\u00f3n y\/o una posible contaminaci\u00f3n. Del mismo modo se aconseja proceder en los locales que venden comida por kilo ubicada en islas o g\u00f3ndolas. En todos los casos los alimentos mencionados deben estar distanciados y de ser posibles protegidos del p\u00fablico que ingrese al local. En referencia al interior del comercio, debemos respetar siempre el distanciamiento social, dependiendo de las dimensiones del mismo. Si se trata de un lugar de menos de 15 mts cuadrados, no puede haber m\u00e1s de un cliente en el interior, esto deber\u00e1 constar en un cartel colocado en la puerta o un lugar visible.<\/p>\n","protected":false},"excerpt":{"rendered":"<p>En el caso de las panader\u00edas que exhiben las facturas, es importante que tanto la bandeja como las pinzas que se usan para extraerlas, sean manipuladas solamente por personal del comercio, es decir que los consumidores no tengan acceso a las mismas. De esta manera evitaremos una mala manipulaci\u00f3n y\/o una posible contaminaci\u00f3n. Del mismo [&hellip;]<\/p>\n","protected":false},"author":1,"featured_media":1787,"comment_status":"open","ping_status":"open","sticky":false,"template":"","format":"standard","meta":{"_et_pb_use_builder":"","_et_pb_old_content":"","_et_gb_content_width":"","footnotes":""},"categories":[11,32],"tags":[],"class_list":["post-1786","post","type-post","status-publish","format-standard","has-post-thumbnail","hentry","category-ciudad","category-comunas"],"_links":{"self":[{"href":"https:\/\/vocesdebaires.com.ar\/index.php\/wp-json\/wp\/v2\/posts\/1786"}],"collection":[{"href":"https:\/\/vocesdebaires.com.ar\/index.php\/wp-json\/wp\/v2\/posts"}],"about":[{"href":"https:\/\/vocesdebaires.com.ar\/index.php\/wp-json\/wp\/v2\/types\/post"}],"author":[{"embeddable":true,"href":"https:\/\/vocesdebaires.com.ar\/index.php\/wp-json\/wp\/v2\/users\/1"}],"replies":[{"embeddable":true,"href":"https:\/\/vocesdebaires.com.ar\/index.php\/wp-json\/wp\/v2\/comments?post=1786"}],"version-history":[{"count":0,"href":"https:\/\/vocesdebaires.com.ar\/index.php\/wp-json\/wp\/v2\/posts\/1786\/revisions"}],"wp:featuredmedia":[{"embeddable":true,"href":"https:\/\/vocesdebaires.com.ar\/index.php\/wp-json\/wp\/v2\/media\/1787"}],"wp:attachment":[{"href":"https:\/\/vocesdebaires.com.ar\/index.php\/wp-json\/wp\/v2\/media?parent=1786"}],"wp:term":[{"taxonomy":"category","embeddable":true,"href":"https:\/\/vocesdebaires.com.ar\/index.php\/wp-json\/wp\/v2\/categories?post=1786"},{"taxonomy":"post_tag","embeddable":true,"href":"https:\/\/vocesdebaires.com.ar\/index.php\/wp-json\/wp\/v2\/tags?post=1786"}],"curies":[{"name":"wp","href":"https:\/\/api.w.org\/{rel}","templated":true}]}}