{"id":1800,"date":"2020-06-24T03:00:00","date_gmt":"2020-06-24T06:00:00","guid":{"rendered":"http:\/\/vocesdebaires.com.ar\/wordpress\/index.php\/2020\/06\/24\/villa-ortuzar-detuvieron-a-dos-ladrones\/"},"modified":"2020-06-24T03:00:00","modified_gmt":"2020-06-24T06:00:00","slug":"villa-ortuzar-detuvieron-a-dos-ladrones","status":"publish","type":"post","link":"https:\/\/vocesdebaires.com.ar\/index.php\/2020\/06\/24\/villa-ortuzar-detuvieron-a-dos-ladrones\/","title":{"rendered":"Villa Ort\u00fazar: Detuvieron a dos ladrones"},"content":{"rendered":"<p>Personal de la Comisar\u00eda Vecinal 15 C de la Polic\u00eda de la Ciudad observ\u00f3 a dos personas sustrayendo las numeraciones de las viviendas sobre la calle Mariano Acha al 1.500. Los efectivos se acercaron inmediatamente a los sujetos y los demoraron. Con la presencia de dos testigos, se los requis\u00f3 encontrando en su poder 26 marcos met\u00e1licos de chapa de numeraci\u00f3n catastral, 18 n\u00fameros met\u00e1licos, 3 placas de numeraci\u00f3n, un destornillador y una mochila. Al consultar con el Juzgado Nacional Criminal y Correccional N\u00famero 16, a cargo del doctor Iturralde y ante la Secretar\u00eda N\u00famero 11, se dispuso la detenci\u00f3n de los imputados, ambos de nacionalidad argentina de 30 y 34 a\u00f1os, y su traslado a la Alcaid\u00eda N\u00famero 6 de la Polic\u00eda de la Ciudad.<\/p>\n","protected":false},"excerpt":{"rendered":"<p>Personal de la Comisar\u00eda Vecinal 15 C de la Polic\u00eda de la Ciudad observ\u00f3 a dos personas sustrayendo las numeraciones de las viviendas sobre la calle Mariano Acha al 1.500. Los efectivos se acercaron inmediatamente a los sujetos y los demoraron. Con la presencia de dos testigos, se los requis\u00f3 encontrando en su poder 26 [&hellip;]<\/p>\n","protected":false},"author":1,"featured_media":1801,"comment_status":"open","ping_status":"open","sticky":false,"template":"","format":"standard","meta":{"_et_pb_use_builder":"","_et_pb_old_content":"","_et_gb_content_width":"","footnotes":""},"categories":[11,32],"tags":[],"class_list":["post-1800","post","type-post","status-publish","format-standard","has-post-thumbnail","hentry","category-ciudad","category-comunas"],"_links":{"self":[{"href":"https:\/\/vocesdebaires.com.ar\/index.php\/wp-json\/wp\/v2\/posts\/1800"}],"collection":[{"href":"https:\/\/vocesdebaires.com.ar\/index.php\/wp-json\/wp\/v2\/posts"}],"about":[{"href":"https:\/\/vocesdebaires.com.ar\/index.php\/wp-json\/wp\/v2\/types\/post"}],"author":[{"embeddable":true,"href":"https:\/\/vocesdebaires.com.ar\/index.php\/wp-json\/wp\/v2\/users\/1"}],"replies":[{"embeddable":true,"href":"https:\/\/vocesdebaires.com.ar\/index.php\/wp-json\/wp\/v2\/comments?post=1800"}],"version-history":[{"count":0,"href":"https:\/\/vocesdebaires.com.ar\/index.php\/wp-json\/wp\/v2\/posts\/1800\/revisions"}],"wp:featuredmedia":[{"embeddable":true,"href":"https:\/\/vocesdebaires.com.ar\/index.php\/wp-json\/wp\/v2\/media\/1801"}],"wp:attachment":[{"href":"https:\/\/vocesdebaires.com.ar\/index.php\/wp-json\/wp\/v2\/media?parent=1800"}],"wp:term":[{"taxonomy":"category","embeddable":true,"href":"https:\/\/vocesdebaires.com.ar\/index.php\/wp-json\/wp\/v2\/categories?post=1800"},{"taxonomy":"post_tag","embeddable":true,"href":"https:\/\/vocesdebaires.com.ar\/index.php\/wp-json\/wp\/v2\/tags?post=1800"}],"curies":[{"name":"wp","href":"https:\/\/api.w.org\/{rel}","templated":true}]}}