{"id":1802,"date":"2020-06-24T03:00:00","date_gmt":"2020-06-24T06:00:00","guid":{"rendered":"http:\/\/vocesdebaires.com.ar\/wordpress\/index.php\/2020\/06\/24\/ciudad-asesoramiento-familiar-por-whatsapp\/"},"modified":"2020-06-24T03:00:00","modified_gmt":"2020-06-24T06:00:00","slug":"ciudad-asesoramiento-familiar-por-whatsapp","status":"publish","type":"post","link":"https:\/\/vocesdebaires.com.ar\/index.php\/2020\/06\/24\/ciudad-asesoramiento-familiar-por-whatsapp\/","title":{"rendered":"Ciudad: Asesoramiento familiar por WhatsApp"},"content":{"rendered":"<p>El Gobierno de la Ciudad, a trav\u00e9s de la Subsecretar\u00eda de Derechos Humanos y Pluralismo Cultural y la Secretar\u00eda de Innovaci\u00f3n y Transformaci\u00f3n Digital, lanza su nueva l\u00ednea de Atenci\u00f3n Gratuita para asesoramiento y contenci\u00f3n familiar.La l\u00ednea de #Contenci\u00f3nFamiliar est\u00e1 disponible de lunes a viernes de 8 a 21 horas, a trav\u00e9s del chatbot porte\u00f1o BOTI (whatsapp o website GCBA), donde un equipo de psic\u00f3logas\/os y orientadores familiares se encargar\u00e1 de contener y asesorar a las familias sobre malestares surgidos a causa del distanciamiento social. En la Ciudad hay 465.661 hogares de familias con hijos seg\u00fan datos del Observatorio de Familias y con esta medida se busca ampliar las medidas que integran el programa de bienestar integral que viene desarrollando el gobierno porte\u00f1o desde el inicio del aislamiento social.<\/p>\n<p>El acceso de los vecinos y vecinas a \u201cContenci\u00f3n Familiar\u201d<br \/>WHATSAPP:<br \/>La persona interesada puede escribir al chat de la Ciudad (1150500147) y seleccionar la opci\u00f3n correspondiente para obtener contenci\u00f3n.<br \/>Otra opci\u00f3n es que el usuario escriba palabras claves referidas a la contenci\u00f3n\/asesoramiento familiar, para iniciar la conversaci\u00f3n con el Bot como problemas familiares o contenci\u00f3n familiar.<br \/>SITIO WEB GCBA:<br \/>BOTI est\u00e1 disponible en todas las p\u00e1ginas del sitio web de la Ciudad y el detalle del programa est\u00e1 disponible ac\u00e1.<br \/>INSTAGRAM:<br \/>Usar #Contenci\u00f3nFamiliar en Instagram. El hashtag tendr\u00e1 asociado un call to action, que al deslizar para arriba inicia una conversaci\u00f3n directamente con Boti sobre contenci\u00f3n familia<\/p>\n","protected":false},"excerpt":{"rendered":"<p>El Gobierno de la Ciudad, a trav\u00e9s de la Subsecretar\u00eda de Derechos Humanos y Pluralismo Cultural y la Secretar\u00eda de Innovaci\u00f3n y Transformaci\u00f3n Digital, lanza su nueva l\u00ednea de Atenci\u00f3n Gratuita para asesoramiento y contenci\u00f3n familiar.La l\u00ednea de #Contenci\u00f3nFamiliar est\u00e1 disponible de lunes a viernes de 8 a 21 horas, a trav\u00e9s del chatbot porte\u00f1o [&hellip;]<\/p>\n","protected":false},"author":1,"featured_media":1803,"comment_status":"open","ping_status":"open","sticky":false,"template":"","format":"standard","meta":{"_et_pb_use_builder":"","_et_pb_old_content":"","_et_gb_content_width":"","footnotes":""},"categories":[11,33],"tags":[],"class_list":["post-1802","post","type-post","status-publish","format-standard","has-post-thumbnail","hentry","category-ciudad","category-sociedad-y-cultura-2"],"_links":{"self":[{"href":"https:\/\/vocesdebaires.com.ar\/index.php\/wp-json\/wp\/v2\/posts\/1802"}],"collection":[{"href":"https:\/\/vocesdebaires.com.ar\/index.php\/wp-json\/wp\/v2\/posts"}],"about":[{"href":"https:\/\/vocesdebaires.com.ar\/index.php\/wp-json\/wp\/v2\/types\/post"}],"author":[{"embeddable":true,"href":"https:\/\/vocesdebaires.com.ar\/index.php\/wp-json\/wp\/v2\/users\/1"}],"replies":[{"embeddable":true,"href":"https:\/\/vocesdebaires.com.ar\/index.php\/wp-json\/wp\/v2\/comments?post=1802"}],"version-history":[{"count":0,"href":"https:\/\/vocesdebaires.com.ar\/index.php\/wp-json\/wp\/v2\/posts\/1802\/revisions"}],"wp:featuredmedia":[{"embeddable":true,"href":"https:\/\/vocesdebaires.com.ar\/index.php\/wp-json\/wp\/v2\/media\/1803"}],"wp:attachment":[{"href":"https:\/\/vocesdebaires.com.ar\/index.php\/wp-json\/wp\/v2\/media?parent=1802"}],"wp:term":[{"taxonomy":"category","embeddable":true,"href":"https:\/\/vocesdebaires.com.ar\/index.php\/wp-json\/wp\/v2\/categories?post=1802"},{"taxonomy":"post_tag","embeddable":true,"href":"https:\/\/vocesdebaires.com.ar\/index.php\/wp-json\/wp\/v2\/tags?post=1802"}],"curies":[{"name":"wp","href":"https:\/\/api.w.org\/{rel}","templated":true}]}}