{"id":18022,"date":"2013-03-06T14:58:28","date_gmt":"2013-03-06T17:58:28","guid":{"rendered":"http:\/\/vocesdebaires.com.ar\/wordpress\/index.php\/2013\/03\/06\/cumbre-de-referentes-en-ezeiza\/"},"modified":"2013-03-06T14:58:28","modified_gmt":"2013-03-06T17:58:28","slug":"cumbre-de-referentes-en-ezeiza","status":"publish","type":"post","link":"https:\/\/vocesdebaires.com.ar\/index.php\/2013\/03\/06\/cumbre-de-referentes-en-ezeiza\/","title":{"rendered":"Cumbre de referentes en Ezeiza"},"content":{"rendered":"<p>\u201cLos voy a escuchar toda la semana, pero el viernes hablo yo, ya van a ver, je&#8230;\u201d. Con un tono risue\u00f1o, Ram\u00f3n D\u00edaz desliz\u00f3 ese pu\u00f1ado de palabras tras la pr\u00e1ctica de River en Ezeiza, donde permiti\u00f3 que varios hinchas entraran y se ubicaran en una tribuna. Habr\u00e1 que esperar dos d\u00edas m\u00e1s para ver qu\u00e9 tiene para decir el riojano, tras la derrota ante San Lorenzo, en un partido que tuvo que seguir desde el palco porque el equipo entr\u00f3 tarde al campo de juego. Sin embargo, hubo dos hombres que no se quedaron con las ganas de escuchar a Ram\u00f3n: David Trezeguet y Leonardo Ponzio. Los m\u00e1ximos referentes del plantel tuvieron una larga charla con el Pelado, que estuvo secundado por su hijo y ayudante, Emiliano D\u00edaz. \u00bfDe qu\u00e9 hablaron? Ning\u00fan tir\u00f3n de orejas. Seg\u00fan trascendi\u00f3, el DT regal\u00f3 palabras de apoyo y se enfoc\u00f3 en corregir detalles de juego de cara al pr\u00f3ximo partido ante Col\u00f3n, en el Monumental.<br \/>\n Cumbre de referentes.<br \/>\n Pensando en el duelo del domingo, Ram\u00f3n tendr\u00eda en mente hacer algunos cambios en el equipo. Ante la lesi\u00f3n de Manuel Lanzini y el flojo rendimiento que mostr\u00f3 Mauro D\u00edaz ante el Cicl\u00f3n, se le abrir\u00eda una puerta a Ariel Rojas para ser titular. Otra de las novedades de la jornada fue que Adalberto Rom\u00e1n volvi\u00f3 a trabajar de manera diferenciada y esta semana ser\u00e1 sometido a evaluaciones para ver c\u00f3mo est\u00e1 de la ruptura fibrilar que padece en el aductor izquierdo. \u201cSer\u00eda un riesgo que juegue porque llega muy justo\u201d, indic\u00f3 el m\u00e9dico del plantel, Rafael Giulietti. A ra\u00edz del parte, Ram\u00f3n decidi\u00f3 preservar al defensor paraguayo y reci\u00e9n podr\u00eda a volver a contar con \u00e9l en la sexta fecha del Torneo Final, cuando River visite a Newell\u2019s en Rosario.<br \/>\n\u00a0<\/p>\n","protected":false},"excerpt":{"rendered":"<p>\u201cLos voy a escuchar toda la semana, pero el viernes hablo yo, ya van a ver, je&#8230;\u201d. Con un tono risue\u00f1o, Ram\u00f3n D\u00edaz desliz\u00f3 ese pu\u00f1ado de palabras tras la pr\u00e1ctica de River en Ezeiza, donde permiti\u00f3 que varios hinchas entraran y se ubicaran en una tribuna. Habr\u00e1 que esperar dos d\u00edas m\u00e1s para ver [&hellip;]<\/p>\n","protected":false},"author":2,"featured_media":18023,"comment_status":"open","ping_status":"open","sticky":false,"template":"","format":"standard","meta":{"_et_pb_use_builder":"","_et_pb_old_content":"","_et_gb_content_width":"","footnotes":""},"categories":[39,14],"tags":[],"class_list":["post-18022","post","type-post","status-publish","format-standard","has-post-thumbnail","hentry","category-1o-division-a","category-deportes"],"_links":{"self":[{"href":"https:\/\/vocesdebaires.com.ar\/index.php\/wp-json\/wp\/v2\/posts\/18022"}],"collection":[{"href":"https:\/\/vocesdebaires.com.ar\/index.php\/wp-json\/wp\/v2\/posts"}],"about":[{"href":"https:\/\/vocesdebaires.com.ar\/index.php\/wp-json\/wp\/v2\/types\/post"}],"author":[{"embeddable":true,"href":"https:\/\/vocesdebaires.com.ar\/index.php\/wp-json\/wp\/v2\/users\/2"}],"replies":[{"embeddable":true,"href":"https:\/\/vocesdebaires.com.ar\/index.php\/wp-json\/wp\/v2\/comments?post=18022"}],"version-history":[{"count":0,"href":"https:\/\/vocesdebaires.com.ar\/index.php\/wp-json\/wp\/v2\/posts\/18022\/revisions"}],"wp:featuredmedia":[{"embeddable":true,"href":"https:\/\/vocesdebaires.com.ar\/index.php\/wp-json\/wp\/v2\/media\/18023"}],"wp:attachment":[{"href":"https:\/\/vocesdebaires.com.ar\/index.php\/wp-json\/wp\/v2\/media?parent=18022"}],"wp:term":[{"taxonomy":"category","embeddable":true,"href":"https:\/\/vocesdebaires.com.ar\/index.php\/wp-json\/wp\/v2\/categories?post=18022"},{"taxonomy":"post_tag","embeddable":true,"href":"https:\/\/vocesdebaires.com.ar\/index.php\/wp-json\/wp\/v2\/tags?post=18022"}],"curies":[{"name":"wp","href":"https:\/\/api.w.org\/{rel}","templated":true}]}}