{"id":18024,"date":"2013-03-06T15:01:49","date_gmt":"2013-03-06T18:01:49","guid":{"rendered":"http:\/\/vocesdebaires.com.ar\/wordpress\/index.php\/2013\/03\/06\/boca-cambio-climatico\/"},"modified":"2013-03-06T15:01:49","modified_gmt":"2013-03-06T18:01:49","slug":"boca-cambio-climatico","status":"publish","type":"post","link":"https:\/\/vocesdebaires.com.ar\/index.php\/2013\/03\/06\/boca-cambio-climatico\/","title":{"rendered":"BOCA: Cambio clim\u00e1tico"},"content":{"rendered":"<p>\u201cSe\u00f1ores, as\u00ed no podemos seguir. Quiero que les quede claro que todos van a tener la posibilidad de jugar, nadie me a poder decir que no ha tenido una chance\u201d. Cambio clim\u00e1tico, modificaci\u00f3n interna que trasciende los l\u00edmites. Boca es eso: exposici\u00f3n. Todo es noticia. Hasta las operaciones. Jaqueado porque los resultados no parecen pertenecer a su virreinato, Carlos Bianchi, visiblemente enojado despu\u00e9s de la derrota como local del \u00faltimo domingo frente a Uni\u00f3n, fue coherente con sus palabras. Ma\u00f1ana, en la Bombonera, frente a Nacional de Montevideo, mover\u00e1 el tablero. \u201cEs posible que algunos jueguen m\u00e1s que otros, pero todos van a tener un lugar en el equipo. Soy yo el que evaluar\u00e1 qui\u00e9nes tienen ganas de jugar en Boca y qui\u00e9nes estar\u00e1n en el plantel despu\u00e9s de junio\u201d, cerr\u00f3 el Virrey, amenazante.<br \/>\n Para ma\u00f1ana, eval\u00faa realizar cinco modificaciones para recibir a Nacional por la Copa Libertadores, con los ingresos de Franco Sosa, Claudio P\u00e9rez, Ribair Rodr\u00edguez, Juan Manuel Mart\u00ednez y Lucas Viatri entre los titulares. En relaci\u00f3n con el equipo que sufri\u00f3 el domingo, Bianchi apostar\u00eda por los regresos de Sosa por Emiliano Alb\u00edn, en el lateral derecho, y de P\u00e9rez por Mat\u00edas Caruzzo en la zaga central. Adem\u00e1s, Ribair Rodr\u00edguez entrar\u00eda por Erbes en el centro del campo, y Mart\u00ednez y Viatri regresar\u00edan a la titularidad en lugar de Sebasti\u00e1n Palacios y Santiago Silva, respectivamente. Otra alternativa que baraja el Virrey es probar con l\u00ednea de tres, para intentar solucionar los problemas defensivos, tan recurrentes como desestabilizadores para la estructura azul y amarilla. Tanto que vive bajo alerta meteorol\u00f3gico, en pleno cambio clim\u00e1tico.<br \/>\n\u00a0<\/p>\n","protected":false},"excerpt":{"rendered":"<p>\u201cSe\u00f1ores, as\u00ed no podemos seguir. Quiero que les quede claro que todos van a tener la posibilidad de jugar, nadie me a poder decir que no ha tenido una chance\u201d. Cambio clim\u00e1tico, modificaci\u00f3n interna que trasciende los l\u00edmites. Boca es eso: exposici\u00f3n. Todo es noticia. Hasta las operaciones. Jaqueado porque los resultados no parecen pertenecer [&hellip;]<\/p>\n","protected":false},"author":2,"featured_media":18025,"comment_status":"open","ping_status":"open","sticky":false,"template":"","format":"standard","meta":{"_et_pb_use_builder":"","_et_pb_old_content":"","_et_gb_content_width":"","footnotes":""},"categories":[39,14],"tags":[],"class_list":["post-18024","post","type-post","status-publish","format-standard","has-post-thumbnail","hentry","category-1o-division-a","category-deportes"],"_links":{"self":[{"href":"https:\/\/vocesdebaires.com.ar\/index.php\/wp-json\/wp\/v2\/posts\/18024"}],"collection":[{"href":"https:\/\/vocesdebaires.com.ar\/index.php\/wp-json\/wp\/v2\/posts"}],"about":[{"href":"https:\/\/vocesdebaires.com.ar\/index.php\/wp-json\/wp\/v2\/types\/post"}],"author":[{"embeddable":true,"href":"https:\/\/vocesdebaires.com.ar\/index.php\/wp-json\/wp\/v2\/users\/2"}],"replies":[{"embeddable":true,"href":"https:\/\/vocesdebaires.com.ar\/index.php\/wp-json\/wp\/v2\/comments?post=18024"}],"version-history":[{"count":0,"href":"https:\/\/vocesdebaires.com.ar\/index.php\/wp-json\/wp\/v2\/posts\/18024\/revisions"}],"wp:featuredmedia":[{"embeddable":true,"href":"https:\/\/vocesdebaires.com.ar\/index.php\/wp-json\/wp\/v2\/media\/18025"}],"wp:attachment":[{"href":"https:\/\/vocesdebaires.com.ar\/index.php\/wp-json\/wp\/v2\/media?parent=18024"}],"wp:term":[{"taxonomy":"category","embeddable":true,"href":"https:\/\/vocesdebaires.com.ar\/index.php\/wp-json\/wp\/v2\/categories?post=18024"},{"taxonomy":"post_tag","embeddable":true,"href":"https:\/\/vocesdebaires.com.ar\/index.php\/wp-json\/wp\/v2\/tags?post=18024"}],"curies":[{"name":"wp","href":"https:\/\/api.w.org\/{rel}","templated":true}]}}