{"id":1820,"date":"2020-06-22T17:24:53","date_gmt":"2020-06-22T20:24:53","guid":{"rendered":"http:\/\/vocesdebaires.com.ar\/wordpress\/index.php\/2020\/06\/22\/amplian-plazo-para-mudar-el-mercado-de-liniers\/"},"modified":"2020-06-22T17:24:53","modified_gmt":"2020-06-22T20:24:53","slug":"amplian-plazo-para-mudar-el-mercado-de-liniers","status":"publish","type":"post","link":"https:\/\/vocesdebaires.com.ar\/index.php\/2020\/06\/22\/amplian-plazo-para-mudar-el-mercado-de-liniers\/","title":{"rendered":"Ampl\u00edan plazo para mudar el Mercado de Liniers"},"content":{"rendered":"<p>Con dictamen de la Comisi\u00f3n de Desarrollo Econ\u00f3mico, que preside el legislador\u00a0 Marcelo Guouman (UCR), se aprob\u00f3 un proyecto de ley del legislador\u00a0 Daniel Del Sol (VJ) por el cual se extienden los plazos para la erradicaci\u00f3n definitiva del Mercado de Hacienda del barrio de Mataderos y su emplazamiento en el partido bonaerense de Ca\u00f1uelas, 60 Km. al sudoeste de la Capital Federal. El 30 de junio pr\u00f3ximo venc\u00eda el plazo legal a partir del cual quedaba prohibido el ingreso de ganado en pie a la Ciudad de Buenos Aires, excepto para exposiciones. La fecha fue prorrogada hasta el 31 de diciembre de 2020, en la comprensi\u00f3n de que la pandemia de coronavirus complic\u00f3 la realizaci\u00f3n de las obras pertinentes.<\/p>\n<p>\u201cLa firma Mercado de Liniers S.A. present\u00f3 una nota al Gobierno de la Ciudad de Buenos Aires, informando sobre la suspensi\u00f3n de las obras en Ca\u00f1uelas, propiedad de la firma Mercado Agro ganadero S.A., y solicitando por ese motivo la extensi\u00f3n del plazo del Permiso de Uso Precario y Oneroso que poseen sobre el predio del ex Mercado Nacional de Hacienda, a fin de no afectar el normal abastecimiento de hacienda para faena y al mismo tiempo la fijaci\u00f3n de precios de referencia para toda la ganader\u00eda en la Rep\u00fablica Argentina\u201d, explican los considerandos del despacho legislativo.<\/p>\n","protected":false},"excerpt":{"rendered":"<p>Con dictamen de la Comisi\u00f3n de Desarrollo Econ\u00f3mico, que preside el legislador\u00a0 Marcelo Guouman (UCR), se aprob\u00f3 un proyecto de ley del legislador\u00a0 Daniel Del Sol (VJ) por el cual se extienden los plazos para la erradicaci\u00f3n definitiva del Mercado de Hacienda del barrio de Mataderos y su emplazamiento en el partido bonaerense de Ca\u00f1uelas, [&hellip;]<\/p>\n","protected":false},"author":1,"featured_media":1821,"comment_status":"open","ping_status":"open","sticky":false,"template":"","format":"standard","meta":{"_et_pb_use_builder":"","_et_pb_old_content":"","_et_gb_content_width":"","footnotes":""},"categories":[11,32],"tags":[],"class_list":["post-1820","post","type-post","status-publish","format-standard","has-post-thumbnail","hentry","category-ciudad","category-comunas"],"_links":{"self":[{"href":"https:\/\/vocesdebaires.com.ar\/index.php\/wp-json\/wp\/v2\/posts\/1820"}],"collection":[{"href":"https:\/\/vocesdebaires.com.ar\/index.php\/wp-json\/wp\/v2\/posts"}],"about":[{"href":"https:\/\/vocesdebaires.com.ar\/index.php\/wp-json\/wp\/v2\/types\/post"}],"author":[{"embeddable":true,"href":"https:\/\/vocesdebaires.com.ar\/index.php\/wp-json\/wp\/v2\/users\/1"}],"replies":[{"embeddable":true,"href":"https:\/\/vocesdebaires.com.ar\/index.php\/wp-json\/wp\/v2\/comments?post=1820"}],"version-history":[{"count":0,"href":"https:\/\/vocesdebaires.com.ar\/index.php\/wp-json\/wp\/v2\/posts\/1820\/revisions"}],"wp:featuredmedia":[{"embeddable":true,"href":"https:\/\/vocesdebaires.com.ar\/index.php\/wp-json\/wp\/v2\/media\/1821"}],"wp:attachment":[{"href":"https:\/\/vocesdebaires.com.ar\/index.php\/wp-json\/wp\/v2\/media?parent=1820"}],"wp:term":[{"taxonomy":"category","embeddable":true,"href":"https:\/\/vocesdebaires.com.ar\/index.php\/wp-json\/wp\/v2\/categories?post=1820"},{"taxonomy":"post_tag","embeddable":true,"href":"https:\/\/vocesdebaires.com.ar\/index.php\/wp-json\/wp\/v2\/tags?post=1820"}],"curies":[{"name":"wp","href":"https:\/\/api.w.org\/{rel}","templated":true}]}}