{"id":18202,"date":"2013-03-19T17:41:12","date_gmt":"2013-03-19T20:41:12","guid":{"rendered":"http:\/\/vocesdebaires.com.ar\/wordpress\/index.php\/2013\/03\/19\/el-nuevo-desafio-de-sabella\/"},"modified":"2013-03-19T17:41:12","modified_gmt":"2013-03-19T20:41:12","slug":"el-nuevo-desafio-de-sabella","status":"publish","type":"post","link":"https:\/\/vocesdebaires.com.ar\/index.php\/2013\/03\/19\/el-nuevo-desafio-de-sabella\/","title":{"rendered":"El nuevo desaf\u00edo de Sabella"},"content":{"rendered":"<p>El viernes ante Venezuela por eliminatorias, en el Monumental, Alejandro Sabella, el t\u00e9cnico del seleccionado, tendr\u00e1 un desaf\u00edo que de alguna manera excede a la b\u00fasqueda del triunfo para seguir edificando con solidez el camino a Brasil 2014. El DT est\u00e1 obligado a buscar recambio de sus cuatro fant\u00e1sticos, ya que para este partido no contar\u00e1 con Sergio Ag\u00fcero, lesionado, y con Angel Di Mar\u00eda, suspendido. S\u00ed, jugar\u00e1n desde el inicio Lionel Mess i y Gonzalo Higua\u00edn .<br \/>\nDesde que asumi\u00f3 en el seleccionado, en agosto de 2011, ser\u00e1 la primera vez que Sabella no cuenta para un partido con sus cuatro estrellas. En su ciclo, el DT empez\u00f3 ante Colombia por eliminatorias con Messi-Higua\u00edn desde el inicio, sin Di Mar\u00eda, pero dispuso del ingreso de Ag\u00fcero en el segundo tiempo para dar vuelta el partido y establecer un moj\u00f3n inolvidable para su ciclo. Luego, en un triunfo amistoso ante Suiza (3-1), empez\u00f3 con Messi-Ag\u00fcero y, luego, entr\u00f3 Higua\u00edn. En esta oportunidad, ser\u00e1 la primera vez que no tiene a al menos tres de ellos disponibles. Por eso, empieza a buscar variantes para este presente y el futuro. Por lo que ensay\u00f3 en la pr\u00e1ctica de hoy, en Ezeiza, Sabella est\u00e1 dispuesto a mantener el esquema ofensivo. En lugar de Di Mar\u00eda, puso a Walter Montillo, actualmente en Santos, de Brasil, y quien por estas horas lucha por un puesto con Maxi Rodr\u00edguez. En la delantera, Rodrigo Palacio tom\u00f3 el lugar de Sergio Ag\u00fcero. El delantero de Inter, de 31 a\u00f1os, que est\u00e1 cumpliendo una buena temporada en el club italiano, con 19 goles en 36 partidos. La formaci\u00f3n que prob\u00f3 Sabella hoy fue: Sergio Romero; Pablo Zabaleta, Federico Fern\u00e1ndez, Hugo Campagnaro, Marcos Rojo; Fernando Gago, Javier Mascherano, Montillo; Messi, Gonzalo Higua\u00edn y Palacio.<\/p>\n","protected":false},"excerpt":{"rendered":"<p>El viernes ante Venezuela por eliminatorias, en el Monumental, Alejandro Sabella, el t\u00e9cnico del seleccionado, tendr\u00e1 un desaf\u00edo que de alguna manera excede a la b\u00fasqueda del triunfo para seguir edificando con solidez el camino a Brasil 2014. El DT est\u00e1 obligado a buscar recambio de sus cuatro fant\u00e1sticos, ya que para este partido no [&hellip;]<\/p>\n","protected":false},"author":2,"featured_media":18203,"comment_status":"open","ping_status":"open","sticky":false,"template":"","format":"standard","meta":{"_et_pb_use_builder":"","_et_pb_old_content":"","_et_gb_content_width":"","footnotes":""},"categories":[14,49],"tags":[],"class_list":["post-18202","post","type-post","status-publish","format-standard","has-post-thumbnail","hentry","category-deportes","category-seleccion-argentina-2"],"_links":{"self":[{"href":"https:\/\/vocesdebaires.com.ar\/index.php\/wp-json\/wp\/v2\/posts\/18202"}],"collection":[{"href":"https:\/\/vocesdebaires.com.ar\/index.php\/wp-json\/wp\/v2\/posts"}],"about":[{"href":"https:\/\/vocesdebaires.com.ar\/index.php\/wp-json\/wp\/v2\/types\/post"}],"author":[{"embeddable":true,"href":"https:\/\/vocesdebaires.com.ar\/index.php\/wp-json\/wp\/v2\/users\/2"}],"replies":[{"embeddable":true,"href":"https:\/\/vocesdebaires.com.ar\/index.php\/wp-json\/wp\/v2\/comments?post=18202"}],"version-history":[{"count":0,"href":"https:\/\/vocesdebaires.com.ar\/index.php\/wp-json\/wp\/v2\/posts\/18202\/revisions"}],"wp:featuredmedia":[{"embeddable":true,"href":"https:\/\/vocesdebaires.com.ar\/index.php\/wp-json\/wp\/v2\/media\/18203"}],"wp:attachment":[{"href":"https:\/\/vocesdebaires.com.ar\/index.php\/wp-json\/wp\/v2\/media?parent=18202"}],"wp:term":[{"taxonomy":"category","embeddable":true,"href":"https:\/\/vocesdebaires.com.ar\/index.php\/wp-json\/wp\/v2\/categories?post=18202"},{"taxonomy":"post_tag","embeddable":true,"href":"https:\/\/vocesdebaires.com.ar\/index.php\/wp-json\/wp\/v2\/tags?post=18202"}],"curies":[{"name":"wp","href":"https:\/\/api.w.org\/{rel}","templated":true}]}}