{"id":18206,"date":"2013-03-19T18:21:31","date_gmt":"2013-03-19T21:21:31","guid":{"rendered":"http:\/\/vocesdebaires.com.ar\/wordpress\/index.php\/2013\/03\/19\/orgulloso-y-optimista-con-su-futuro\/"},"modified":"2013-03-19T18:21:31","modified_gmt":"2013-03-19T21:21:31","slug":"orgulloso-y-optimista-con-su-futuro","status":"publish","type":"post","link":"https:\/\/vocesdebaires.com.ar\/index.php\/2013\/03\/19\/orgulloso-y-optimista-con-su-futuro\/","title":{"rendered":"Orgulloso y optimista con su futuro"},"content":{"rendered":"<p>\u201cHaberle ganado a Murray, despu\u00e9s a Djokovic y estar tan cerca con Nadal significa que el trabajo que estoy haciendo es el camino para estar m\u00e1s cerca de ellos d\u00eda a d\u00eda. Tengo muchas cosas positivas para sacar\u201d, expres\u00f3 Juan Mart\u00edn del Potro, luego de clasificarse finalista en Indian Wells. Tras su gran semana, el tandilense debutar\u00e1 en el Masters 1000 de Miami contra Kavcic o Kamke.<br \/>\n\u00a0<\/p>\n","protected":false},"excerpt":{"rendered":"<p>\u201cHaberle ganado a Murray, despu\u00e9s a Djokovic y estar tan cerca con Nadal significa que el trabajo que estoy haciendo es el camino para estar m\u00e1s cerca de ellos d\u00eda a d\u00eda. Tengo muchas cosas positivas para sacar\u201d, expres\u00f3 Juan Mart\u00edn del Potro, luego de clasificarse finalista en Indian Wells. Tras su gran semana, el [&hellip;]<\/p>\n","protected":false},"author":2,"featured_media":18207,"comment_status":"open","ping_status":"open","sticky":false,"template":"","format":"standard","meta":{"_et_pb_use_builder":"","_et_pb_old_content":"","_et_gb_content_width":"","footnotes":""},"categories":[14,51],"tags":[],"class_list":["post-18206","post","type-post","status-publish","format-standard","has-post-thumbnail","hentry","category-deportes","category-tenis"],"_links":{"self":[{"href":"https:\/\/vocesdebaires.com.ar\/index.php\/wp-json\/wp\/v2\/posts\/18206"}],"collection":[{"href":"https:\/\/vocesdebaires.com.ar\/index.php\/wp-json\/wp\/v2\/posts"}],"about":[{"href":"https:\/\/vocesdebaires.com.ar\/index.php\/wp-json\/wp\/v2\/types\/post"}],"author":[{"embeddable":true,"href":"https:\/\/vocesdebaires.com.ar\/index.php\/wp-json\/wp\/v2\/users\/2"}],"replies":[{"embeddable":true,"href":"https:\/\/vocesdebaires.com.ar\/index.php\/wp-json\/wp\/v2\/comments?post=18206"}],"version-history":[{"count":0,"href":"https:\/\/vocesdebaires.com.ar\/index.php\/wp-json\/wp\/v2\/posts\/18206\/revisions"}],"wp:featuredmedia":[{"embeddable":true,"href":"https:\/\/vocesdebaires.com.ar\/index.php\/wp-json\/wp\/v2\/media\/18207"}],"wp:attachment":[{"href":"https:\/\/vocesdebaires.com.ar\/index.php\/wp-json\/wp\/v2\/media?parent=18206"}],"wp:term":[{"taxonomy":"category","embeddable":true,"href":"https:\/\/vocesdebaires.com.ar\/index.php\/wp-json\/wp\/v2\/categories?post=18206"},{"taxonomy":"post_tag","embeddable":true,"href":"https:\/\/vocesdebaires.com.ar\/index.php\/wp-json\/wp\/v2\/tags?post=18206"}],"curies":[{"name":"wp","href":"https:\/\/api.w.org\/{rel}","templated":true}]}}