{"id":18208,"date":"2013-03-19T18:30:54","date_gmt":"2013-03-19T21:30:54","guid":{"rendered":"http:\/\/vocesdebaires.com.ar\/wordpress\/index.php\/2013\/03\/19\/roman-volvio-a-los-entrenamientos\/"},"modified":"2013-03-19T18:30:54","modified_gmt":"2013-03-19T21:30:54","slug":"roman-volvio-a-los-entrenamientos","status":"publish","type":"post","link":"https:\/\/vocesdebaires.com.ar\/index.php\/2013\/03\/19\/roman-volvio-a-los-entrenamientos\/","title":{"rendered":"Rom\u00e1n volvi\u00f3 a los entrenamientos"},"content":{"rendered":"<p>Hab\u00eda quedado afuera del partido ante Argentinos. Y ayer Juan Rom\u00e1n Riquelme volvi\u00f3 a los entrenamientos, con miras al encuentro frente a Excursionistas por la Copa Argentina. El mediocampista realiz\u00f3 trabajos livianos en Casa Amarilla y volver\u00eda como titular este jueves a las 20.10 en el Estadio Centenario de Chaco. Junto a \u00e9l, trotaron Lautaro Acosta (sigue con una molestia en el recto anterior derecho) y Diego Rivero (molestia en el muslo derecho). Desde su vuelta, Riquelme acumula 180 minutos de acci\u00f3n, entre la derrota ante Uni\u00f3n y la victoria frente a Nacional.<br \/>\nEl resto de los futbolistas que no estuvieron contra Argentinos hicieron trabajos en el gimnasio. &quot;Boca va a poner el mejor equipo que tenga por respeto a la Copa que se juega y a Excursionistas tambi\u00e9n&quot;, avis\u00f3 Carlos Bianchi. De este modo, se abre la puerta para que los titulares salten al campo en el partido de 16avos de final de la Copa Argentina. Las dudas empezar\u00e1n a disiparse hoy con el primer ensayo futbol\u00edstico de la semana. Pero Bianchi lo adelant\u00f3: Boca va con lo mejor.<\/p>\n","protected":false},"excerpt":{"rendered":"<p>Hab\u00eda quedado afuera del partido ante Argentinos. Y ayer Juan Rom\u00e1n Riquelme volvi\u00f3 a los entrenamientos, con miras al encuentro frente a Excursionistas por la Copa Argentina. El mediocampista realiz\u00f3 trabajos livianos en Casa Amarilla y volver\u00eda como titular este jueves a las 20.10 en el Estadio Centenario de Chaco. Junto a \u00e9l, trotaron Lautaro [&hellip;]<\/p>\n","protected":false},"author":2,"featured_media":18209,"comment_status":"open","ping_status":"open","sticky":false,"template":"","format":"standard","meta":{"_et_pb_use_builder":"","_et_pb_old_content":"","_et_gb_content_width":"","footnotes":""},"categories":[39,14],"tags":[],"class_list":["post-18208","post","type-post","status-publish","format-standard","has-post-thumbnail","hentry","category-1o-division-a","category-deportes"],"_links":{"self":[{"href":"https:\/\/vocesdebaires.com.ar\/index.php\/wp-json\/wp\/v2\/posts\/18208"}],"collection":[{"href":"https:\/\/vocesdebaires.com.ar\/index.php\/wp-json\/wp\/v2\/posts"}],"about":[{"href":"https:\/\/vocesdebaires.com.ar\/index.php\/wp-json\/wp\/v2\/types\/post"}],"author":[{"embeddable":true,"href":"https:\/\/vocesdebaires.com.ar\/index.php\/wp-json\/wp\/v2\/users\/2"}],"replies":[{"embeddable":true,"href":"https:\/\/vocesdebaires.com.ar\/index.php\/wp-json\/wp\/v2\/comments?post=18208"}],"version-history":[{"count":0,"href":"https:\/\/vocesdebaires.com.ar\/index.php\/wp-json\/wp\/v2\/posts\/18208\/revisions"}],"wp:featuredmedia":[{"embeddable":true,"href":"https:\/\/vocesdebaires.com.ar\/index.php\/wp-json\/wp\/v2\/media\/18209"}],"wp:attachment":[{"href":"https:\/\/vocesdebaires.com.ar\/index.php\/wp-json\/wp\/v2\/media?parent=18208"}],"wp:term":[{"taxonomy":"category","embeddable":true,"href":"https:\/\/vocesdebaires.com.ar\/index.php\/wp-json\/wp\/v2\/categories?post=18208"},{"taxonomy":"post_tag","embeddable":true,"href":"https:\/\/vocesdebaires.com.ar\/index.php\/wp-json\/wp\/v2\/tags?post=18208"}],"curies":[{"name":"wp","href":"https:\/\/api.w.org\/{rel}","templated":true}]}}