{"id":1823,"date":"2020-06-22T16:51:39","date_gmt":"2020-06-22T19:51:39","guid":{"rendered":"http:\/\/vocesdebaires.com.ar\/wordpress\/index.php\/2020\/06\/22\/comunidad-judia-frente-contexto-inedito\/"},"modified":"2020-06-22T16:51:39","modified_gmt":"2020-06-22T19:51:39","slug":"comunidad-judia-frente-contexto-inedito","status":"publish","type":"post","link":"https:\/\/vocesdebaires.com.ar\/index.php\/2020\/06\/22\/comunidad-judia-frente-contexto-inedito\/","title":{"rendered":"Comunidad jud\u00eda frente contexto in\u00e9dito"},"content":{"rendered":"<p>Convocado por los presidentes de AMIA, DAIA y OSA, el pasado jueves 18 de junio se realiz\u00f3 el encuentro de reflexi\u00f3n y debate \u201cLa dirigencia comunitaria frente a un contexto in\u00e9dito. Respuestas actuales y desaf\u00edos futuros\u201d, que reuni\u00f3 a m\u00e1s de cien participantes. La actividad estuvo destinada a compartir, junto a dirigentes comunitarios, integrantes de Comisiones Directivas y ex presidentes de instituciones, el impacto de la pandemia en las organizaciones, sus programas de asistencia y contenci\u00f3n, y el rol de la dirigencia frente a este escenario tan complejo.<\/p>\n<p>El encuentro cont\u00f3 con las exposiciones Ariel Eichbaum, presidente de AMIA, Jorge Knoblovits, presidente de DAIA, y Sergio Pikholtz, presidente de la OSA, quienes luego de sus presentaciones respondieron las preguntas de los participantes. Con la moderaci\u00f3n de los directivos ejecutivos de AMIA y DAIA, Daniel Pomerantz y V\u00edctor Garelik respectivamente, el espacio del que participaron cerca de 100 dirigentes fue valorado como \u201csumamente positivo\u201d, para poder analizar en conjunto temas de estricta actualidad, conocer los esfuerzos de cada organizaci\u00f3n para aliviar los efectos de la crisis, reflexionar sobre el v\u00ednculo entre las entidades y sobre los desaf\u00edos futuros.<\/p>\n","protected":false},"excerpt":{"rendered":"<p>Convocado por los presidentes de AMIA, DAIA y OSA, el pasado jueves 18 de junio se realiz\u00f3 el encuentro de reflexi\u00f3n y debate \u201cLa dirigencia comunitaria frente a un contexto in\u00e9dito. Respuestas actuales y desaf\u00edos futuros\u201d, que reuni\u00f3 a m\u00e1s de cien participantes. La actividad estuvo destinada a compartir, junto a dirigentes comunitarios, integrantes de [&hellip;]<\/p>\n","protected":false},"author":1,"featured_media":1824,"comment_status":"open","ping_status":"open","sticky":false,"template":"","format":"standard","meta":{"_et_pb_use_builder":"","_et_pb_old_content":"","_et_gb_content_width":"","footnotes":""},"categories":[11,33],"tags":[],"class_list":["post-1823","post","type-post","status-publish","format-standard","has-post-thumbnail","hentry","category-ciudad","category-sociedad-y-cultura-2"],"_links":{"self":[{"href":"https:\/\/vocesdebaires.com.ar\/index.php\/wp-json\/wp\/v2\/posts\/1823"}],"collection":[{"href":"https:\/\/vocesdebaires.com.ar\/index.php\/wp-json\/wp\/v2\/posts"}],"about":[{"href":"https:\/\/vocesdebaires.com.ar\/index.php\/wp-json\/wp\/v2\/types\/post"}],"author":[{"embeddable":true,"href":"https:\/\/vocesdebaires.com.ar\/index.php\/wp-json\/wp\/v2\/users\/1"}],"replies":[{"embeddable":true,"href":"https:\/\/vocesdebaires.com.ar\/index.php\/wp-json\/wp\/v2\/comments?post=1823"}],"version-history":[{"count":0,"href":"https:\/\/vocesdebaires.com.ar\/index.php\/wp-json\/wp\/v2\/posts\/1823\/revisions"}],"wp:featuredmedia":[{"embeddable":true,"href":"https:\/\/vocesdebaires.com.ar\/index.php\/wp-json\/wp\/v2\/media\/1824"}],"wp:attachment":[{"href":"https:\/\/vocesdebaires.com.ar\/index.php\/wp-json\/wp\/v2\/media?parent=1823"}],"wp:term":[{"taxonomy":"category","embeddable":true,"href":"https:\/\/vocesdebaires.com.ar\/index.php\/wp-json\/wp\/v2\/categories?post=1823"},{"taxonomy":"post_tag","embeddable":true,"href":"https:\/\/vocesdebaires.com.ar\/index.php\/wp-json\/wp\/v2\/tags?post=1823"}],"curies":[{"name":"wp","href":"https:\/\/api.w.org\/{rel}","templated":true}]}}