{"id":1828,"date":"2020-06-19T03:06:05","date_gmt":"2020-06-19T06:06:05","guid":{"rendered":"http:\/\/vocesdebaires.com.ar\/wordpress\/index.php\/2020\/06\/19\/ratifican-dos-decretos-de-necesidad-y-urgencia\/"},"modified":"2020-06-19T03:06:05","modified_gmt":"2020-06-19T06:06:05","slug":"ratifican-dos-decretos-de-necesidad-y-urgencia","status":"publish","type":"post","link":"https:\/\/vocesdebaires.com.ar\/index.php\/2020\/06\/19\/ratifican-dos-decretos-de-necesidad-y-urgencia\/","title":{"rendered":"Ratifican dos decretos de necesidad y urgencia"},"content":{"rendered":"<p>Dos decretos de necesidad y urgencia del jefe de Gobierno Horacio Rodr\u00edguez Larreta (los n\u00fameros 7 y 8 del a\u00f1o 2020), dictados en relaci\u00f3n con las medidas preventivas y asistenciales por la pandemia de coronavirus Covid 19, recibieron ayer jueves la convalidaci\u00f3n de la Legislatura de la Ciudad de Buenos Aires. \u201cProrrogase hasta el 31 de agosto de 2020 la Emergencia Sanitaria declarada por Decreto de Necesidad y Urgencia N\u00b0 1\/20, en el \u00e1mbito de la Ciudad Aut\u00f3noma de Buenos Aires, a los fines de atender y adoptar las medidas necesarias para prevenir y reducir el riesgo de propagaci\u00f3n del contagio en la poblaci\u00f3n del coronavirus (COVID-19)\u201d, dictamina el DNU 8 ratificado por los legisladores porte\u00f1os de la ciudad.<\/p>\n<p>El anterior DNU (7\/20) tambi\u00e9n refrendado en la Legislatura, es el que prorroga por 200 d\u00edas corridos la vigencia de las licencias de conducir cuyo vencimiento opere entre los d\u00edas 15 de febrero y 31 de julio de 2020. (El plazo se cuenta a partir del d\u00eda subsiguiente a la fecha de vencimiento). La misma pr\u00f3rroga rige para los registros de transportes de taxis, remises, de escolares y veh\u00edculos de mensajer\u00eda y delivery. Tambi\u00e9n prorroga plazos sobre licencias de taxis, verificaci\u00f3n t\u00e9cnicas, habilitaciones de transporte y suspenden \u00a0por 60 d\u00edas los plazos de Procedimientos de Faltas, excepto para las infracciones a las normas del aislamiento social preventivo y obligatorio.<\/p>\n","protected":false},"excerpt":{"rendered":"<p>Dos decretos de necesidad y urgencia del jefe de Gobierno Horacio Rodr\u00edguez Larreta (los n\u00fameros 7 y 8 del a\u00f1o 2020), dictados en relaci\u00f3n con las medidas preventivas y asistenciales por la pandemia de coronavirus Covid 19, recibieron ayer jueves la convalidaci\u00f3n de la Legislatura de la Ciudad de Buenos Aires. \u201cProrrogase hasta el 31 [&hellip;]<\/p>\n","protected":false},"author":1,"featured_media":1829,"comment_status":"open","ping_status":"open","sticky":false,"template":"","format":"standard","meta":{"_et_pb_use_builder":"","_et_pb_old_content":"","_et_gb_content_width":"","footnotes":""},"categories":[11,33],"tags":[],"class_list":["post-1828","post","type-post","status-publish","format-standard","has-post-thumbnail","hentry","category-ciudad","category-sociedad-y-cultura-2"],"_links":{"self":[{"href":"https:\/\/vocesdebaires.com.ar\/index.php\/wp-json\/wp\/v2\/posts\/1828"}],"collection":[{"href":"https:\/\/vocesdebaires.com.ar\/index.php\/wp-json\/wp\/v2\/posts"}],"about":[{"href":"https:\/\/vocesdebaires.com.ar\/index.php\/wp-json\/wp\/v2\/types\/post"}],"author":[{"embeddable":true,"href":"https:\/\/vocesdebaires.com.ar\/index.php\/wp-json\/wp\/v2\/users\/1"}],"replies":[{"embeddable":true,"href":"https:\/\/vocesdebaires.com.ar\/index.php\/wp-json\/wp\/v2\/comments?post=1828"}],"version-history":[{"count":0,"href":"https:\/\/vocesdebaires.com.ar\/index.php\/wp-json\/wp\/v2\/posts\/1828\/revisions"}],"wp:featuredmedia":[{"embeddable":true,"href":"https:\/\/vocesdebaires.com.ar\/index.php\/wp-json\/wp\/v2\/media\/1829"}],"wp:attachment":[{"href":"https:\/\/vocesdebaires.com.ar\/index.php\/wp-json\/wp\/v2\/media?parent=1828"}],"wp:term":[{"taxonomy":"category","embeddable":true,"href":"https:\/\/vocesdebaires.com.ar\/index.php\/wp-json\/wp\/v2\/categories?post=1828"},{"taxonomy":"post_tag","embeddable":true,"href":"https:\/\/vocesdebaires.com.ar\/index.php\/wp-json\/wp\/v2\/tags?post=1828"}],"curies":[{"name":"wp","href":"https:\/\/api.w.org\/{rel}","templated":true}]}}