{"id":1836,"date":"2020-06-19T03:00:00","date_gmt":"2020-06-19T06:00:00","guid":{"rendered":"http:\/\/vocesdebaires.com.ar\/wordpress\/index.php\/2020\/06\/19\/el-nuevo-protocolo-para-el-transporte\/"},"modified":"2020-06-19T03:00:00","modified_gmt":"2020-06-19T06:00:00","slug":"el-nuevo-protocolo-para-el-transporte","status":"publish","type":"post","link":"https:\/\/vocesdebaires.com.ar\/index.php\/2020\/06\/19\/el-nuevo-protocolo-para-el-transporte\/","title":{"rendered":"El nuevo protocolo para el transporte"},"content":{"rendered":"<p>Durante esta nueva etapa del aislamiento social, preventivo y obligatorio promovemos e incentivamos la movilidad a pie, en bicicleta y en monopat\u00edn para realizar los trayectos cortos o bien como complemento de otro medio de transporte. Es importante utilizar estas alternativas para descomprimir el transporte p\u00fablico en horas pico y fomentar la movilidad al aire libre. Hoy viernes 19 de junio a las 0 horas se dan de baja en el AMBA todos los permisos de circulaci\u00f3n de los trabajadores no esenciales. Deber\u00e1n ser renovados en la aplicaci\u00f3n Cuidar.<\/p>\n<p>Permisos habilitados para viajar en transporte p\u00fablico: s\u00f3lo podr\u00e1n utilizar el transporte p\u00fablico de pasajeros en el AMBA los trabajadores esenciales y que cuenten con el permiso QR obtenido en la aplicaci\u00f3n Cuidar. Adem\u00e1s, los servicios de trenes que se encuentran dentro de la Ciudad de Buenos Aires se brindan mediante un esquema especial, priorizando las estaciones con mayor afluencia de usuarios. El sistema de bicicletas Ecobici se encuentra disponible para brindar m\u00e1s opciones de traslado a los trabajadores esenciales y los colectivos y subtes contin\u00faan funcionando con sus frecuencias habituales.<\/p>\n<p>Es obligatorio el uso de tapabocas en los distintos medios de movilidad; los pasajeros deben viajar sentados y respetar las medidas de distanciamiento social. En los taxis, se recomienda subir siempre en los asientos de atr\u00e1s; los que se trasladan en colectivo, deben ascender por la puerta del medio, y de ser posible, dejando asientos de por medio con otros pasajeros. Por otro lado, desde el pasado viernes 22 de mayo los pasajeros del subte de las l\u00edneas A, B, D, E y H pueden viajar con bicicletas y monopatines en el primer y \u00faltimo vag\u00f3n de cada formaci\u00f3n. Recomendamos tambi\u00e9n, que antes y despu\u00e9s de viajar en transporte p\u00fablico los usuarios se laven correctamente las manos para evitar el riesgo de contagio.<\/p>\n<p>Uso obligatorio de tapabocas<br \/>Desde el lunes 4 de mayo es obligatorio el uso de tapaboca (elemento de protecci\u00f3n que cubra nariz, boca y ment\u00f3n) en el espacio p\u00fablico y desde el mi\u00e9rcoles 15 de abril en el transporte p\u00fablico, comercios y otros puntos de atenci\u00f3n al p\u00fablico para prevenir el contagio. Para quienes no respeten la medida se prev\u00e9n sanciones de 500 ($10.700) a 3.700 ($79.180) unidades fijas y\/o clausura y\/o inhabilitaci\u00f3n.<\/p>\n<p>Intervenciones en lugares de espera<br \/>Con el objetivo de promover el distanciamiento social en las situaciones de espera, operaci\u00f3n y uso del transporte p\u00fablico, la Secretar\u00eda de Transporte y Obras P\u00fablicas est\u00e1 incorporando a m\u00e1s de 600 lugares de espera con gran afluencia una serie de carteles y se\u00f1ales para respetar -y a su vez representar- la distancia m\u00ednima preventiva entre cada persona. Tambi\u00e9n se mostrar\u00e1 el mensaje \u201cmantener distancia al formar la fila\u201d en todos los carteles de predictivo, en los Centros de Trasbordo y en los de la v\u00eda p\u00fablica. Tambi\u00e9n se est\u00e1n incorporando intervenciones en comercios de cercan\u00eda para ordenar situaciones de espera y garantizar la convivencia segura en el desarrollo de las actividades comerciales esenciales en la v\u00eda p\u00fablica.<\/p>\n","protected":false},"excerpt":{"rendered":"<p>Durante esta nueva etapa del aislamiento social, preventivo y obligatorio promovemos e incentivamos la movilidad a pie, en bicicleta y en monopat\u00edn para realizar los trayectos cortos o bien como complemento de otro medio de transporte. Es importante utilizar estas alternativas para descomprimir el transporte p\u00fablico en horas pico y fomentar la movilidad al aire [&hellip;]<\/p>\n","protected":false},"author":1,"featured_media":1837,"comment_status":"open","ping_status":"open","sticky":false,"template":"","format":"standard","meta":{"_et_pb_use_builder":"","_et_pb_old_content":"","_et_gb_content_width":"","footnotes":""},"categories":[11,36],"tags":[],"class_list":["post-1836","post","type-post","status-publish","format-standard","has-post-thumbnail","hentry","category-ciudad","category-transito-2"],"_links":{"self":[{"href":"https:\/\/vocesdebaires.com.ar\/index.php\/wp-json\/wp\/v2\/posts\/1836"}],"collection":[{"href":"https:\/\/vocesdebaires.com.ar\/index.php\/wp-json\/wp\/v2\/posts"}],"about":[{"href":"https:\/\/vocesdebaires.com.ar\/index.php\/wp-json\/wp\/v2\/types\/post"}],"author":[{"embeddable":true,"href":"https:\/\/vocesdebaires.com.ar\/index.php\/wp-json\/wp\/v2\/users\/1"}],"replies":[{"embeddable":true,"href":"https:\/\/vocesdebaires.com.ar\/index.php\/wp-json\/wp\/v2\/comments?post=1836"}],"version-history":[{"count":0,"href":"https:\/\/vocesdebaires.com.ar\/index.php\/wp-json\/wp\/v2\/posts\/1836\/revisions"}],"wp:featuredmedia":[{"embeddable":true,"href":"https:\/\/vocesdebaires.com.ar\/index.php\/wp-json\/wp\/v2\/media\/1837"}],"wp:attachment":[{"href":"https:\/\/vocesdebaires.com.ar\/index.php\/wp-json\/wp\/v2\/media?parent=1836"}],"wp:term":[{"taxonomy":"category","embeddable":true,"href":"https:\/\/vocesdebaires.com.ar\/index.php\/wp-json\/wp\/v2\/categories?post=1836"},{"taxonomy":"post_tag","embeddable":true,"href":"https:\/\/vocesdebaires.com.ar\/index.php\/wp-json\/wp\/v2\/tags?post=1836"}],"curies":[{"name":"wp","href":"https:\/\/api.w.org\/{rel}","templated":true}]}}