{"id":18403,"date":"2013-05-02T21:45:38","date_gmt":"2013-05-03T00:45:38","guid":{"rendered":"http:\/\/vocesdebaires.com.ar\/wordpress\/index.php\/2013\/05\/02\/figueredo-asumio-oficialmente\/"},"modified":"2013-05-02T21:45:38","modified_gmt":"2013-05-03T00:45:38","slug":"figueredo-asumio-oficialmente","status":"publish","type":"post","link":"https:\/\/vocesdebaires.com.ar\/index.php\/2013\/05\/02\/figueredo-asumio-oficialmente\/","title":{"rendered":"Figueredo asumi\u00f3 oficialmente"},"content":{"rendered":"<p>Tal como estaba previsto, se reunieron los presidentes de asociaciones y federaciones que integran la CONMEBOL as\u00ed como el Comit\u00e9 Ejecutivo y en el transcurso de dicha reuni\u00f3n se oficializ\u00f3 el traspaso de la presidencia del doctor Nicol\u00e1s Leoz al se\u00f1or Eugenio Figueredo. Al finalizar la reuni\u00f3n entre presidentes de asociaciones y federaciones y el Comit\u00e9 Ejecutivo, el se\u00f1or Eugenio Figueredo, presidente de la CONMEBOL se present\u00f3 ante los periodistas para se\u00f1alar en primer lugar el reconocimiento al trabajo del doctor Leoz &quot;con quien llevo trabajando m\u00e1s de cuarenta a\u00f1os&quot;. Luego el se\u00f1or Figueredo se\u00f1al\u00f3 a los medios de comunicaci\u00f3n que no habr\u00eda una conferencia de prensa con preguntas y respuestas sino que \u00fanicamente se entregar\u00eda un comunicado oficial cuyo texto se publica a continuaci\u00f3n:<br \/>\n El Comit\u00e9 Ejecutivo de la CONMEBOL y los presidentes de las diferentes asociaciones y federaciones que integran esta confederaci\u00f3n, reunidos en el d\u00eda de hoy en Asunci\u00f3n, desean expresar lo siguiente: Primero: Atento a la renuncia oportunamente presentada por el doctor Nicol\u00e1s Leoz a la presidencia de la CONMEBOL y en cumplimiento de las disposiciones de aplicaci\u00f3n del actual Estatuto vigente, se confirma que el se\u00f1or Eugenio Figueredo ejercer\u00e1 las funciones de presidente hasta la finalizaci\u00f3n del actual mandato, en el a\u00f1o 2015. Segundo: El se\u00f1or Eugenio Figueredo resulta designado miembro del Comit\u00e9 Ejecutivo de la FIFA en representaci\u00f3n de esta Confederaci\u00f3n, de acuerdo con lo dispuesto en el art\u00edculo 39.9 del Estatuto FIFA &quot;ad refer\u00e9ndum&quot; del pr\u00f3ximo Congreso Ordinario de la CONMEBOL que se celebrar\u00e1 en Isla Mauricio el pr\u00f3ximo 29 de mayo. Tercero: Poner de manifiesto el reconocimiento y gratitud al doctor Nicol\u00e1s Leoz por la tarea desarrollada durante su gesti\u00f3n al frente de la CONMEBOL la cual ha permitido el desarrollo y crecimiento integral del f\u00fatbol sudamericano.<br \/>\n\u00a0<\/p>\n","protected":false},"excerpt":{"rendered":"<p>Tal como estaba previsto, se reunieron los presidentes de asociaciones y federaciones que integran la CONMEBOL as\u00ed como el Comit\u00e9 Ejecutivo y en el transcurso de dicha reuni\u00f3n se oficializ\u00f3 el traspaso de la presidencia del doctor Nicol\u00e1s Leoz al se\u00f1or Eugenio Figueredo. Al finalizar la reuni\u00f3n entre presidentes de asociaciones y federaciones y el [&hellip;]<\/p>\n","protected":false},"author":2,"featured_media":18404,"comment_status":"open","ping_status":"open","sticky":false,"template":"","format":"standard","meta":{"_et_pb_use_builder":"","_et_pb_old_content":"","_et_gb_content_width":"","footnotes":""},"categories":[14,50],"tags":[],"class_list":["post-18403","post","type-post","status-publish","format-standard","has-post-thumbnail","hentry","category-deportes","category-futbol-internacional-2"],"_links":{"self":[{"href":"https:\/\/vocesdebaires.com.ar\/index.php\/wp-json\/wp\/v2\/posts\/18403"}],"collection":[{"href":"https:\/\/vocesdebaires.com.ar\/index.php\/wp-json\/wp\/v2\/posts"}],"about":[{"href":"https:\/\/vocesdebaires.com.ar\/index.php\/wp-json\/wp\/v2\/types\/post"}],"author":[{"embeddable":true,"href":"https:\/\/vocesdebaires.com.ar\/index.php\/wp-json\/wp\/v2\/users\/2"}],"replies":[{"embeddable":true,"href":"https:\/\/vocesdebaires.com.ar\/index.php\/wp-json\/wp\/v2\/comments?post=18403"}],"version-history":[{"count":0,"href":"https:\/\/vocesdebaires.com.ar\/index.php\/wp-json\/wp\/v2\/posts\/18403\/revisions"}],"wp:featuredmedia":[{"embeddable":true,"href":"https:\/\/vocesdebaires.com.ar\/index.php\/wp-json\/wp\/v2\/media\/18404"}],"wp:attachment":[{"href":"https:\/\/vocesdebaires.com.ar\/index.php\/wp-json\/wp\/v2\/media?parent=18403"}],"wp:term":[{"taxonomy":"category","embeddable":true,"href":"https:\/\/vocesdebaires.com.ar\/index.php\/wp-json\/wp\/v2\/categories?post=18403"},{"taxonomy":"post_tag","embeddable":true,"href":"https:\/\/vocesdebaires.com.ar\/index.php\/wp-json\/wp\/v2\/tags?post=18403"}],"curies":[{"name":"wp","href":"https:\/\/api.w.org\/{rel}","templated":true}]}}