{"id":18405,"date":"2013-05-02T21:51:34","date_gmt":"2013-05-03T00:51:34","guid":{"rendered":"http:\/\/vocesdebaires.com.ar\/wordpress\/index.php\/2013\/05\/02\/independiente-y-racing-se-empadrona\/"},"modified":"2013-05-02T21:51:34","modified_gmt":"2013-05-03T00:51:34","slug":"independiente-y-racing-se-empadrona","status":"publish","type":"post","link":"https:\/\/vocesdebaires.com.ar\/index.php\/2013\/05\/02\/independiente-y-racing-se-empadrona\/","title":{"rendered":"Independiente y Racing se empadrona"},"content":{"rendered":"<p>Este lunes, el Club Atl\u00e9tico Independiente junto con el Racing Club de Avellaneda inauguraron sus Centros de Empadronamiento para AFAPLUS, el sistema de administraci\u00f3n para el ingreso biom\u00e9trico a los estadios del f\u00fatbol argentino. Despu\u00e9s de la exitosa experiencia piloto en el Club Atl\u00e9tico Lan\u00fas y la apertura del stand en la AFA que servir\u00e1 para casos especiales, dos de los clubes con mayor historia del f\u00fatbol argentino se sumaron para que el p\u00fablico pueda acceder a los clubes y realizar el empadronamiento.<br \/>\n En el stand de AFAPLUS ubicado en las instalaciones del estadio Libertadores de Am\u00e9rica, el presidente de Independiente, V\u00edctor Javier Cantero, fue el primero en realizar el tr\u00e1mite para registrarse. En uno de los 12 puestos disponibles en el Centro de Empadronamiento, personal de la Universidad Tecnol\u00f3gica Nacional le solicit\u00f3 los datos necesarios para realizar el tr\u00e1mite. Luego de concluido el empadronamiento, el presidente de Independiente, manifest\u00f3: \u201cEstoy feliz, es un cambio importante para el f\u00fatbol argentino, porque no s\u00f3lo ayudar\u00e1 a la seguridad en los estadios con la identificaci\u00f3n de todas las personas que ingresen, sino que adem\u00e1s mejorar\u00e1 la organizaci\u00f3n del calendario de los torneos. Es un instrumento fundamental\u201d.<br \/>\n A pocos metros, Gast\u00f3n Cogorno, titular de \u00a0Racing Club, tambi\u00e9n sigui\u00f3 los pasos indicados por el personal del Centro de Empadronamiento y fue el encargado de estrenar el stand ubicado dentro del club. Una vez que le tomaron las fotos pertinentes y pusiera sus huellas en el lector para que la misma quede digitalizada, el presidente dijo: \u201cEste nuevo sistema ser\u00e1 de gran ayuda para mejorar el ingreso del p\u00fablico a las canchas, para controlar la seguridad en los estadios y va a ayudar econ\u00f3micamente a los clubes porque va a mejorar las recaudaciones\u201d.A ambos presidentes como a todos los que se comenzaron a empadronar luego de ellos, les llegar\u00e1, aproximadamente en 15 d\u00edas, su nuevo carnet AFAPLUS al domicilio registrado.  El 29 de Abril de 2013 quedar\u00e1 marcado a fuego como el d\u00eda en que dos clubes con tama\u00f1a historia para el f\u00fatbol argentino como Racing e Independiente, se juntaron para sumarse a la etapa de empadronamiento de AFAPLUS. Un d\u00eda para recordar en Avellaneda y para el f\u00fatbol grande de Argentina.<br \/>\n\u00a0<br \/>\n\u00a0<br \/>\n\u00a0<br \/>\n\u00a0<\/p>\n","protected":false},"excerpt":{"rendered":"<p>Este lunes, el Club Atl\u00e9tico Independiente junto con el Racing Club de Avellaneda inauguraron sus Centros de Empadronamiento para AFAPLUS, el sistema de administraci\u00f3n para el ingreso biom\u00e9trico a los estadios del f\u00fatbol argentino. Despu\u00e9s de la exitosa experiencia piloto en el Club Atl\u00e9tico Lan\u00fas y la apertura del stand en la AFA que servir\u00e1 [&hellip;]<\/p>\n","protected":false},"author":2,"featured_media":18406,"comment_status":"open","ping_status":"open","sticky":false,"template":"","format":"standard","meta":{"_et_pb_use_builder":"","_et_pb_old_content":"","_et_gb_content_width":"","footnotes":""},"categories":[39,14],"tags":[],"class_list":["post-18405","post","type-post","status-publish","format-standard","has-post-thumbnail","hentry","category-1o-division-a","category-deportes"],"_links":{"self":[{"href":"https:\/\/vocesdebaires.com.ar\/index.php\/wp-json\/wp\/v2\/posts\/18405"}],"collection":[{"href":"https:\/\/vocesdebaires.com.ar\/index.php\/wp-json\/wp\/v2\/posts"}],"about":[{"href":"https:\/\/vocesdebaires.com.ar\/index.php\/wp-json\/wp\/v2\/types\/post"}],"author":[{"embeddable":true,"href":"https:\/\/vocesdebaires.com.ar\/index.php\/wp-json\/wp\/v2\/users\/2"}],"replies":[{"embeddable":true,"href":"https:\/\/vocesdebaires.com.ar\/index.php\/wp-json\/wp\/v2\/comments?post=18405"}],"version-history":[{"count":0,"href":"https:\/\/vocesdebaires.com.ar\/index.php\/wp-json\/wp\/v2\/posts\/18405\/revisions"}],"wp:featuredmedia":[{"embeddable":true,"href":"https:\/\/vocesdebaires.com.ar\/index.php\/wp-json\/wp\/v2\/media\/18406"}],"wp:attachment":[{"href":"https:\/\/vocesdebaires.com.ar\/index.php\/wp-json\/wp\/v2\/media?parent=18405"}],"wp:term":[{"taxonomy":"category","embeddable":true,"href":"https:\/\/vocesdebaires.com.ar\/index.php\/wp-json\/wp\/v2\/categories?post=18405"},{"taxonomy":"post_tag","embeddable":true,"href":"https:\/\/vocesdebaires.com.ar\/index.php\/wp-json\/wp\/v2\/tags?post=18405"}],"curies":[{"name":"wp","href":"https:\/\/api.w.org\/{rel}","templated":true}]}}