{"id":1844,"date":"2020-06-17T03:00:00","date_gmt":"2020-06-17T06:00:00","guid":{"rendered":"http:\/\/vocesdebaires.com.ar\/wordpress\/index.php\/2020\/06\/17\/villa-crespo-detenidos-por-robar-obra-en-construccion\/"},"modified":"2020-06-17T03:00:00","modified_gmt":"2020-06-17T06:00:00","slug":"villa-crespo-detenidos-por-robar-obra-en-construccion","status":"publish","type":"post","link":"https:\/\/vocesdebaires.com.ar\/index.php\/2020\/06\/17\/villa-crespo-detenidos-por-robar-obra-en-construccion\/","title":{"rendered":"Villa Crespo: Detenidos por robar obra en construcci\u00f3n"},"content":{"rendered":"<p>Las detenciones se produjeron en una obra en construcci\u00f3n ubicada en Villarroel al 1200, donde acudi\u00f3 un m\u00f3vil de la Comisar\u00eda Vecinal 15B de la Polic\u00eda de la Ciudad por supuesta presencia de personas extra\u00f1as.<br \/>Los oficiales se encontraron con una camioneta Ford F100 estacionada de culata frente al tabique de la obra, que est\u00e1 parada desde el comienzo de la cuarentena por el coronavirus. Los polic\u00edas fueron recibidos por un hombre que dijo ser sereno de la obra y que junto a otros tres que hab\u00eda en el interior estaban retirando puntales, que son tubos de hierro que se utilizan para andamio o sostener las losas hasta su fraguado.<\/p>\n<p>Ante la sospecha de estar frente a un il\u00edcito, los efectivos lograron comunicarse con el jefe de obra, quien se hizo presente r\u00e1pidamente y cont\u00f3 que quien dijo ser sereno lo hab\u00eda sido pero fue despedido por el faltante de elementos. Tambi\u00e9n asegur\u00f3 que nadie ten\u00eda autorizaci\u00f3n para llevarse los puntales. Los oficiales procedieron a la detenci\u00f3n de los cuatro hombres, tres de ellos de nacionalidad paraguaya, de 33, 48 y 19 a\u00f1os, los \u00faltimos padre e hijo, y el restante argentino, de 52. La Fiscal\u00eda en lo Criminal y Correccional 48,\u00a0 a cargo del Dr. Eduardo Enrique Rosende, secretar\u00eda del Dr. Rosasco, adem\u00e1s de avalar la detenci\u00f3n, dispuso el secuestro de los 50 puntales y de la camioneta. Los cuatro detenidos tambi\u00e9n fueron notificados por infracci\u00f3n al art\u00edculo 205 por violaci\u00f3n de la cuarentena.<\/p>\n","protected":false},"excerpt":{"rendered":"<p>Las detenciones se produjeron en una obra en construcci\u00f3n ubicada en Villarroel al 1200, donde acudi\u00f3 un m\u00f3vil de la Comisar\u00eda Vecinal 15B de la Polic\u00eda de la Ciudad por supuesta presencia de personas extra\u00f1as.Los oficiales se encontraron con una camioneta Ford F100 estacionada de culata frente al tabique de la obra, que est\u00e1 parada [&hellip;]<\/p>\n","protected":false},"author":1,"featured_media":1845,"comment_status":"open","ping_status":"open","sticky":false,"template":"","format":"standard","meta":{"_et_pb_use_builder":"","_et_pb_old_content":"","_et_gb_content_width":"","footnotes":""},"categories":[11,32],"tags":[],"class_list":["post-1844","post","type-post","status-publish","format-standard","has-post-thumbnail","hentry","category-ciudad","category-comunas"],"_links":{"self":[{"href":"https:\/\/vocesdebaires.com.ar\/index.php\/wp-json\/wp\/v2\/posts\/1844"}],"collection":[{"href":"https:\/\/vocesdebaires.com.ar\/index.php\/wp-json\/wp\/v2\/posts"}],"about":[{"href":"https:\/\/vocesdebaires.com.ar\/index.php\/wp-json\/wp\/v2\/types\/post"}],"author":[{"embeddable":true,"href":"https:\/\/vocesdebaires.com.ar\/index.php\/wp-json\/wp\/v2\/users\/1"}],"replies":[{"embeddable":true,"href":"https:\/\/vocesdebaires.com.ar\/index.php\/wp-json\/wp\/v2\/comments?post=1844"}],"version-history":[{"count":0,"href":"https:\/\/vocesdebaires.com.ar\/index.php\/wp-json\/wp\/v2\/posts\/1844\/revisions"}],"wp:featuredmedia":[{"embeddable":true,"href":"https:\/\/vocesdebaires.com.ar\/index.php\/wp-json\/wp\/v2\/media\/1845"}],"wp:attachment":[{"href":"https:\/\/vocesdebaires.com.ar\/index.php\/wp-json\/wp\/v2\/media?parent=1844"}],"wp:term":[{"taxonomy":"category","embeddable":true,"href":"https:\/\/vocesdebaires.com.ar\/index.php\/wp-json\/wp\/v2\/categories?post=1844"},{"taxonomy":"post_tag","embeddable":true,"href":"https:\/\/vocesdebaires.com.ar\/index.php\/wp-json\/wp\/v2\/tags?post=1844"}],"curies":[{"name":"wp","href":"https:\/\/api.w.org\/{rel}","templated":true}]}}