{"id":18582,"date":"2013-05-20T12:38:10","date_gmt":"2013-05-20T15:38:10","guid":{"rendered":"http:\/\/vocesdebaires.com.ar\/wordpress\/index.php\/2013\/05\/20\/subte-hhabilitara-la-estacion-hospitales-el-proximo-lunes\/"},"modified":"2013-05-20T12:38:10","modified_gmt":"2013-05-20T15:38:10","slug":"subte-hhabilitara-la-estacion-hospitales-el-proximo-lunes","status":"publish","type":"post","link":"https:\/\/vocesdebaires.com.ar\/index.php\/2013\/05\/20\/subte-hhabilitara-la-estacion-hospitales-el-proximo-lunes\/","title":{"rendered":"Subte H:Habilitar\u00e1 la estaci\u00f3n Hospitales el pr\u00f3ximo lunes"},"content":{"rendered":"<p>La l\u00ednea de subterr\u00e1neo m\u00e1s nueva de la Ciudad sumar\u00e1 la semana pr\u00f3xima una estaci\u00f3n hacia el Sur: Hospitales. Est\u00e1 ubicada en la avenida Almafuerte y la calle Pedro Chutro y llegar\u00e1 a metros del Hospital Penna y a dos cuadras del Complejo M\u00e9dico Policial Churruca. Actualmente, el recorrido se extiende entre Corrientes y el Parque de los Patricios. Esta l\u00ednea, inaugurada en 2007, traslada a 600 mil personas por mes y conecta con la B y la E. Cuando toda la l\u00ednea est\u00e9 operativa, con sus 14 estaciones, sumar\u00e1 300 mil nuevos pasajeros y unos 65 mil vecinos tendr\u00e1n una estaci\u00f3n a cinco cuadras o menos de sus domicilios o trabajos.<br \/>\n En una recorrida con la prensa, el jefe de Gobierno porte\u00f1o, Mauricio Macri, celebr\u00f3 la obra e inform\u00f3 que contin\u00faan trabajando en otras seis estaciones de la H: C\u00f3rdoba, Santa Fe, Las Heras y Plaza Francia, en sentido Norte, y S\u00e1enz y Pompeya, hacia el Sur. Prometi\u00f3 adem\u00e1s que todo el recorrido quedar\u00e1 listo en 2015. La nueva estaci\u00f3n tambi\u00e9n servir\u00e1 para impulsar el Distrito Tecnol\u00f3gico, donde se han ido asentando empresas, entre las avenidas S\u00e1enz, Boedo, Chiclana, S\u00e1nchez de Loria y Brasil, las calles Alberti y Manuel Garc\u00eda y la avenida Amancio Alcorta. En paralelo, el Gobierno de la Ciudad anunci\u00f3 la compra de 120 coches que ser\u00e1n destinados a toda la red. La compra fue adjudicada a la empresa Alstom, de origen franc\u00e9s y con sede en Brasil. \u201cLa Ciudad pudo colocar un bono por 216 millones de d\u00f3lares a seis a\u00f1os de plazo y con una taza del 3,98%, lo que demuestra que Buenos Aires goza de respeto en el mundo financiero\u201d, destac\u00f3 Macri.<br \/>\n\u00a0<\/p>\n","protected":false},"excerpt":{"rendered":"<p>La l\u00ednea de subterr\u00e1neo m\u00e1s nueva de la Ciudad sumar\u00e1 la semana pr\u00f3xima una estaci\u00f3n hacia el Sur: Hospitales. Est\u00e1 ubicada en la avenida Almafuerte y la calle Pedro Chutro y llegar\u00e1 a metros del Hospital Penna y a dos cuadras del Complejo M\u00e9dico Policial Churruca. Actualmente, el recorrido se extiende entre Corrientes y el [&hellip;]<\/p>\n","protected":false},"author":2,"featured_media":18583,"comment_status":"open","ping_status":"open","sticky":false,"template":"","format":"standard","meta":{"_et_pb_use_builder":"","_et_pb_old_content":"","_et_gb_content_width":"","footnotes":""},"categories":[11,33],"tags":[],"class_list":["post-18582","post","type-post","status-publish","format-standard","has-post-thumbnail","hentry","category-ciudad","category-sociedad-y-cultura-2"],"_links":{"self":[{"href":"https:\/\/vocesdebaires.com.ar\/index.php\/wp-json\/wp\/v2\/posts\/18582"}],"collection":[{"href":"https:\/\/vocesdebaires.com.ar\/index.php\/wp-json\/wp\/v2\/posts"}],"about":[{"href":"https:\/\/vocesdebaires.com.ar\/index.php\/wp-json\/wp\/v2\/types\/post"}],"author":[{"embeddable":true,"href":"https:\/\/vocesdebaires.com.ar\/index.php\/wp-json\/wp\/v2\/users\/2"}],"replies":[{"embeddable":true,"href":"https:\/\/vocesdebaires.com.ar\/index.php\/wp-json\/wp\/v2\/comments?post=18582"}],"version-history":[{"count":0,"href":"https:\/\/vocesdebaires.com.ar\/index.php\/wp-json\/wp\/v2\/posts\/18582\/revisions"}],"wp:featuredmedia":[{"embeddable":true,"href":"https:\/\/vocesdebaires.com.ar\/index.php\/wp-json\/wp\/v2\/media\/18583"}],"wp:attachment":[{"href":"https:\/\/vocesdebaires.com.ar\/index.php\/wp-json\/wp\/v2\/media?parent=18582"}],"wp:term":[{"taxonomy":"category","embeddable":true,"href":"https:\/\/vocesdebaires.com.ar\/index.php\/wp-json\/wp\/v2\/categories?post=18582"},{"taxonomy":"post_tag","embeddable":true,"href":"https:\/\/vocesdebaires.com.ar\/index.php\/wp-json\/wp\/v2\/tags?post=18582"}],"curies":[{"name":"wp","href":"https:\/\/api.w.org\/{rel}","templated":true}]}}