{"id":1864,"date":"2020-06-15T17:04:03","date_gmt":"2020-06-15T20:04:03","guid":{"rendered":"http:\/\/vocesdebaires.com.ar\/wordpress\/index.php\/2020\/06\/15\/realizaron-primer-operativo-frio-extraordinario\/"},"modified":"2020-06-15T17:04:03","modified_gmt":"2020-06-15T20:04:03","slug":"realizaron-primer-operativo-frio-extraordinario","status":"publish","type":"post","link":"https:\/\/vocesdebaires.com.ar\/index.php\/2020\/06\/15\/realizaron-primer-operativo-frio-extraordinario\/","title":{"rendered":"Realizaron  primer operativo fr\u00edo extraordinario"},"content":{"rendered":"<p>El pasado s\u00e1bado se realiz\u00f3 en la Ciudad de Buenos Aires el primer operativo fr\u00edo extraordinario del a\u00f1o para las personas que se encuentran en situaci\u00f3n de calle, que se activa cuando la temperatura es inferior a los 5\u00b0 cent\u00edgrados. Desde las 19 horas, el equipo del programa Buenos Aires Presente, compuesto por m\u00e1s de 400 personas, acompa\u00f1ado de trabajadores de otras \u00e1reas del Gobierno de la Ciudad, la Defensor\u00eda del Pueblo y voluntarios de la Iglesia Evang\u00e9lica, dispusieron m\u00f3viles que recorrieron la Ciudad durante toda la noche para acompa\u00f1ar a las personas en esta situaci\u00f3n.<\/p>\n<p>Durante este primer operativo, 13 personas aceptaron la opci\u00f3n de ser trasladados a Centros de Inclusi\u00f3n. 11 personas, fueron al \u201cRoca III\u201d, que incluye un sector para que todas las personas que ingresan al sistema, puedan realizar el aislamiento preventivo durante los primeros 14 d\u00edas, como parte del protocolo sanitario. El \u201cRoca III\u201d tiene espacios diferenciados para que hombres, mujeres y familias puedan aislarse de manera preventiva. Otras 2 personas fueron trasladadas a un Centro de Inclusi\u00f3n para adultos mayores. \u201cLa tarea que realizan los equipos del BAP y los voluntarios en esta \u00e9poca es muy valiosa y requiere de una vocaci\u00f3n muy fuerte por el servicio hacia el otro.<\/p>\n<p>Contamos con equipos integrados por asistentes sociales y psic\u00f3logos que realizan el abordaje de las personas en situaci\u00f3n de calle para que accedan a ir a los Centros de Inclusi\u00f3n Social. Una vez all\u00ed se busca que cada persona trabaje en el rearmado de un proyecto de vida que sea sostenible en el tiempo\u201d, afirm\u00f3 Mar\u00eda Migliore, Ministra de Desarrollo Humano y H\u00e1bitat porte\u00f1a. El sistema de Centros de Inclusi\u00f3n de la Ciudad posee hoy 3.379 plazas localizadas en 43 Centros, de las cuales que se encuentran ocupadas en un 70%. Al inicio de la cuarentena, la Ciudad hab\u00eda sumado unas 900 camas en polideportivos especialmente adecuados y plazas especiales para adultos mayores. Adem\u00e1s, todos los Centros se encuentran abiertos las 24 horas de los 7 d\u00edas de la semana.<\/p>\n<p>Este a\u00f1o, por el contexto de pandemia, hubo que cambiar la operatoria para asistir a quienes permanecen en la calle y reemplazar cocinas de campa\u00f1a para evitar aglomeraciones. Por eso, se realizaron recorridos con 40 m\u00f3viles en las zonas identificadas con mayor densidad y, se entregaron viandas calientes para la cena y packs hipocal\u00f3ricos (barras de cereal, frutos secos, agua) a todas aquellas personas que lo necesitaran. Adem\u00e1s, se entrega ropa de abrigo (frazadas, guantes y gorros) y kits de higiene y prevenci\u00f3n (con jab\u00f3n blanco y alcohol en gel).<\/p>\n","protected":false},"excerpt":{"rendered":"<p>El pasado s\u00e1bado se realiz\u00f3 en la Ciudad de Buenos Aires el primer operativo fr\u00edo extraordinario del a\u00f1o para las personas que se encuentran en situaci\u00f3n de calle, que se activa cuando la temperatura es inferior a los 5\u00b0 cent\u00edgrados. Desde las 19 horas, el equipo del programa Buenos Aires Presente, compuesto por m\u00e1s de [&hellip;]<\/p>\n","protected":false},"author":1,"featured_media":1865,"comment_status":"open","ping_status":"open","sticky":false,"template":"","format":"standard","meta":{"_et_pb_use_builder":"","_et_pb_old_content":"","_et_gb_content_width":"","footnotes":""},"categories":[11,32],"tags":[],"class_list":["post-1864","post","type-post","status-publish","format-standard","has-post-thumbnail","hentry","category-ciudad","category-comunas"],"_links":{"self":[{"href":"https:\/\/vocesdebaires.com.ar\/index.php\/wp-json\/wp\/v2\/posts\/1864"}],"collection":[{"href":"https:\/\/vocesdebaires.com.ar\/index.php\/wp-json\/wp\/v2\/posts"}],"about":[{"href":"https:\/\/vocesdebaires.com.ar\/index.php\/wp-json\/wp\/v2\/types\/post"}],"author":[{"embeddable":true,"href":"https:\/\/vocesdebaires.com.ar\/index.php\/wp-json\/wp\/v2\/users\/1"}],"replies":[{"embeddable":true,"href":"https:\/\/vocesdebaires.com.ar\/index.php\/wp-json\/wp\/v2\/comments?post=1864"}],"version-history":[{"count":0,"href":"https:\/\/vocesdebaires.com.ar\/index.php\/wp-json\/wp\/v2\/posts\/1864\/revisions"}],"wp:featuredmedia":[{"embeddable":true,"href":"https:\/\/vocesdebaires.com.ar\/index.php\/wp-json\/wp\/v2\/media\/1865"}],"wp:attachment":[{"href":"https:\/\/vocesdebaires.com.ar\/index.php\/wp-json\/wp\/v2\/media?parent=1864"}],"wp:term":[{"taxonomy":"category","embeddable":true,"href":"https:\/\/vocesdebaires.com.ar\/index.php\/wp-json\/wp\/v2\/categories?post=1864"},{"taxonomy":"post_tag","embeddable":true,"href":"https:\/\/vocesdebaires.com.ar\/index.php\/wp-json\/wp\/v2\/tags?post=1864"}],"curies":[{"name":"wp","href":"https:\/\/api.w.org\/{rel}","templated":true}]}}