{"id":1868,"date":"2020-06-15T16:41:39","date_gmt":"2020-06-15T19:41:39","guid":{"rendered":"http:\/\/vocesdebaires.com.ar\/wordpress\/index.php\/2020\/06\/15\/agenda-legislativa-discapacidad-y-trata\/"},"modified":"2020-06-15T16:41:39","modified_gmt":"2020-06-15T19:41:39","slug":"agenda-legislativa-discapacidad-y-trata","status":"publish","type":"post","link":"https:\/\/vocesdebaires.com.ar\/index.php\/2020\/06\/15\/agenda-legislativa-discapacidad-y-trata\/","title":{"rendered":"Agenda legislativa discapacidad y trata"},"content":{"rendered":"<p>En el \u00e1mbito de la Legislatura de la Ciudad Aut\u00f3noma de Buenos Aires quedaron conformadas y eligieron sus autoridades, el pasado\u00a0viernes, las comisiones especiales de Trata de Personas y de Personas con Discapacidad. La comisi\u00f3n que abordar\u00e1 los asuntos inherentes a Discapacidad es presidida por Juan Manuel Vald\u00e9s -del Frente de Todos- y vicepresidida por Cristina Garc\u00eda -Vamos Juntos-. Sus dem\u00e1s integrantes son Sol M\u00e9ndez, Esteban Garrido y Luc\u00eda Romano -VJ-, Victoria Montenegro -FdT- y Patricia Vischi -UCR-.Trata de Personas eligi\u00f3 como presidente a Diego Weck -UCR-, la vicepresidencia estar\u00e1 a cargo de Paola Michielotto -VJ- y otros miembros son Claudio Romero y Luc\u00eda Romano -VJ-, Ariel \u00c1lvarez Palma -UCR- y Laura Velasco -FdT-.<\/p>\n","protected":false},"excerpt":{"rendered":"<p>En el \u00e1mbito de la Legislatura de la Ciudad Aut\u00f3noma de Buenos Aires quedaron conformadas y eligieron sus autoridades, el pasado\u00a0viernes, las comisiones especiales de Trata de Personas y de Personas con Discapacidad. La comisi\u00f3n que abordar\u00e1 los asuntos inherentes a Discapacidad es presidida por Juan Manuel Vald\u00e9s -del Frente de Todos- y vicepresidida por [&hellip;]<\/p>\n","protected":false},"author":1,"featured_media":1565,"comment_status":"open","ping_status":"open","sticky":false,"template":"","format":"standard","meta":{"_et_pb_use_builder":"","_et_pb_old_content":"","_et_gb_content_width":"","footnotes":""},"categories":[11,33],"tags":[],"class_list":["post-1868","post","type-post","status-publish","format-standard","has-post-thumbnail","hentry","category-ciudad","category-sociedad-y-cultura-2"],"_links":{"self":[{"href":"https:\/\/vocesdebaires.com.ar\/index.php\/wp-json\/wp\/v2\/posts\/1868"}],"collection":[{"href":"https:\/\/vocesdebaires.com.ar\/index.php\/wp-json\/wp\/v2\/posts"}],"about":[{"href":"https:\/\/vocesdebaires.com.ar\/index.php\/wp-json\/wp\/v2\/types\/post"}],"author":[{"embeddable":true,"href":"https:\/\/vocesdebaires.com.ar\/index.php\/wp-json\/wp\/v2\/users\/1"}],"replies":[{"embeddable":true,"href":"https:\/\/vocesdebaires.com.ar\/index.php\/wp-json\/wp\/v2\/comments?post=1868"}],"version-history":[{"count":0,"href":"https:\/\/vocesdebaires.com.ar\/index.php\/wp-json\/wp\/v2\/posts\/1868\/revisions"}],"wp:featuredmedia":[{"embeddable":true,"href":"https:\/\/vocesdebaires.com.ar\/index.php\/wp-json\/wp\/v2\/media\/1565"}],"wp:attachment":[{"href":"https:\/\/vocesdebaires.com.ar\/index.php\/wp-json\/wp\/v2\/media?parent=1868"}],"wp:term":[{"taxonomy":"category","embeddable":true,"href":"https:\/\/vocesdebaires.com.ar\/index.php\/wp-json\/wp\/v2\/categories?post=1868"},{"taxonomy":"post_tag","embeddable":true,"href":"https:\/\/vocesdebaires.com.ar\/index.php\/wp-json\/wp\/v2\/tags?post=1868"}],"curies":[{"name":"wp","href":"https:\/\/api.w.org\/{rel}","templated":true}]}}