{"id":1869,"date":"2020-06-15T16:31:36","date_gmt":"2020-06-15T19:31:36","guid":{"rendered":"http:\/\/vocesdebaires.com.ar\/wordpress\/index.php\/2020\/06\/15\/salidas-recreativas-disfrutarlas-y-cuidarnos\/"},"modified":"2020-06-15T16:31:36","modified_gmt":"2020-06-15T19:31:36","slug":"salidas-recreativas-disfrutarlas-y-cuidarnos","status":"publish","type":"post","link":"https:\/\/vocesdebaires.com.ar\/index.php\/2020\/06\/15\/salidas-recreativas-disfrutarlas-y-cuidarnos\/","title":{"rendered":"Salidas recreativas: Disfrutarlas y cuidarnos"},"content":{"rendered":"<p>Las medidas de prevenci\u00f3n necesarias antes de salir, habilitar dos \u00e1reas en la casa, una \u201climpia\u201d y una \u201csucia o de transici\u00f3n\u201d: el \u00e1rea limpia es un lugar c\u00f3modo dentro de casa para que el ni\u00f1o, ni\u00f1a o adolescente se ponga medias y abrigo antes de salir; en el \u00c1rea de transici\u00f3n se dejar\u00e1 todo lo sucio al regreso, debe estar definida antes de salir de casa, cerca de la entrada. Explicar pausadamente al ni\u00f1o y ni\u00f1a las reglas de la salida y el regreso a casa. Si viven en un edificio, s\u00f3lo el adulto debe tocar los botones de ascensor, puertas, picaportes, etc., e higienizarse luego con alcohol en gel antes de tomar la mano del ni\u00f1o o ni\u00f1a.<br \/> Estas son las medidas de prevenci\u00f3n necesarias durante la salida<\/p>\n<p>Mantener el distanciamiento f\u00edsico m\u00ednimo de 2 metros con terceros el uso de tapabocas es obligatorio en el espacio p\u00fablico de la ciudad. Los ni\u00f1os mayores de 6 a\u00f1os deben usarlo. Llevar alcohol en gel durante la salida: es recomendable la higiene de manos cuando tosemos o estornudamos o tocamos superficies que puedan estar contaminadas. Es importante que los ni\u00f1os y ni\u00f1as no se detengan a jugar, o eviten el contacto con las estructuras existentes en las plazas o veredas, como ser bancos, monumentos, etc. No se aconseja el uso de tapabocas en ni\u00f1os y ni\u00f1as menores de dos a\u00f1os y en caso de salir con cochecito, se recomienda el uso del cobertor para lluvia.Medidas de prevenci\u00f3n necesarias al regresar a casa.<\/p>\n<p>Dejar marcado de antemano cu\u00e1l ser\u00e1 el espacio de transici\u00f3n:<br \/>Se sugiere que el adulto se saque los zapatos y se higienice las manos primero, luego sacarle los zapatos al ni\u00f1o o ni\u00f1a y repetir con ellos el lavado de manos. Cambiarse la ropa y quedarse con la ropa de interior; poner a lavar la que se us\u00f3 en el exterior. Desinfectar todos los elementos que se hayan llevado al exterior (tanto juguetes como elementos personales, celular, llaves, etc.)<\/p>\n<p>Para desinfectar la bici o monopat\u00edn, dejar preparado previamente en un espacio tranquilo de la casa y donde no circule gente (balc\u00f3n o donde se vaya a guardar la bici): lavandina o soluci\u00f3n de lavandina ya hecha, y dos trapos. Usar tapabocas al limpiar la bici, e higienizarse luego de hacerlo. Para limpiar las ruedas, hacer rodar la bicicleta sobre uno de los trapos mojado con soluci\u00f3n con lavandina; luego usar el otro trapo para frotar los rayos, el resto de la llanta, el cuadro, la silla, y el manubrio.<\/p>\n","protected":false},"excerpt":{"rendered":"<p>Las medidas de prevenci\u00f3n necesarias antes de salir, habilitar dos \u00e1reas en la casa, una \u201climpia\u201d y una \u201csucia o de transici\u00f3n\u201d: el \u00e1rea limpia es un lugar c\u00f3modo dentro de casa para que el ni\u00f1o, ni\u00f1a o adolescente se ponga medias y abrigo antes de salir; en el \u00c1rea de transici\u00f3n se dejar\u00e1 todo [&hellip;]<\/p>\n","protected":false},"author":1,"featured_media":1870,"comment_status":"open","ping_status":"open","sticky":false,"template":"","format":"standard","meta":{"_et_pb_use_builder":"","_et_pb_old_content":"","_et_gb_content_width":"","footnotes":""},"categories":[11,32],"tags":[],"class_list":["post-1869","post","type-post","status-publish","format-standard","has-post-thumbnail","hentry","category-ciudad","category-comunas"],"_links":{"self":[{"href":"https:\/\/vocesdebaires.com.ar\/index.php\/wp-json\/wp\/v2\/posts\/1869"}],"collection":[{"href":"https:\/\/vocesdebaires.com.ar\/index.php\/wp-json\/wp\/v2\/posts"}],"about":[{"href":"https:\/\/vocesdebaires.com.ar\/index.php\/wp-json\/wp\/v2\/types\/post"}],"author":[{"embeddable":true,"href":"https:\/\/vocesdebaires.com.ar\/index.php\/wp-json\/wp\/v2\/users\/1"}],"replies":[{"embeddable":true,"href":"https:\/\/vocesdebaires.com.ar\/index.php\/wp-json\/wp\/v2\/comments?post=1869"}],"version-history":[{"count":0,"href":"https:\/\/vocesdebaires.com.ar\/index.php\/wp-json\/wp\/v2\/posts\/1869\/revisions"}],"wp:featuredmedia":[{"embeddable":true,"href":"https:\/\/vocesdebaires.com.ar\/index.php\/wp-json\/wp\/v2\/media\/1870"}],"wp:attachment":[{"href":"https:\/\/vocesdebaires.com.ar\/index.php\/wp-json\/wp\/v2\/media?parent=1869"}],"wp:term":[{"taxonomy":"category","embeddable":true,"href":"https:\/\/vocesdebaires.com.ar\/index.php\/wp-json\/wp\/v2\/categories?post=1869"},{"taxonomy":"post_tag","embeddable":true,"href":"https:\/\/vocesdebaires.com.ar\/index.php\/wp-json\/wp\/v2\/tags?post=1869"}],"curies":[{"name":"wp","href":"https:\/\/api.w.org\/{rel}","templated":true}]}}