{"id":18781,"date":"2013-06-03T16:12:12","date_gmt":"2013-06-03T19:12:12","guid":{"rendered":"http:\/\/vocesdebaires.com.ar\/wordpress\/index.php\/2013\/06\/03\/grondona-fue-ratificado\/"},"modified":"2013-06-03T16:12:12","modified_gmt":"2013-06-03T19:12:12","slug":"grondona-fue-ratificado","status":"publish","type":"post","link":"https:\/\/vocesdebaires.com.ar\/index.php\/2013\/06\/03\/grondona-fue-ratificado\/","title":{"rendered":"Grondona fue ratificado"},"content":{"rendered":"<p>\u00a0<br \/>\nLa Confederaci\u00f3n Sudamericana de F\u00fatbol, ratific\u00f3 al Presidente de la Asociaci\u00f3n del F\u00fatbol Argentino, Sr. Julio Humberto Grondona, como Vicepresidente Senior de la FIFA, institucionalmente el cargo m\u00e1s relevante despu\u00e9s del titular de la entidad, Joseph Blatter.El Sr. Grondona, Presidente de la Asociaci\u00f3n del F\u00fatbol Argentino, ejerce la representaci\u00f3n sudamericana junto a Eugenio Figueredo y Marco Polo del Nero, en la entidad rectora del f\u00fatbol mundial. Esta determinaci\u00f3n surgi\u00f3 en el 63\u00b0 Congreso Ordinario de la CONMEBOL, realizado ayer, en la Isla Mauricio, sitio donde se desarrollar\u00e1 a partir de la fecha el Congreso de la FIFA.En otro orden, el Sr. Eugenio Figueredo, present\u00f3 la memoria de los a\u00f1os 2011 y 2012, valorando el trabajo conjunto de las asociaciones nacionales miembros para encarar los compromisos que aguardan a la dirigencia sudamericana.Tal como se anunci\u00f3, el 1 de agosto, se llevar\u00e1 a cabo el Congreso Extraordinario, donde de acuerdo a las sugerencias presentadas por las afiliadas, se realizar\u00e1n cambios en los estatutos de la CONMEBOL, con el objetivo de un mejoramiento sustancial en el manejo administrativo de la entidad.<br \/>\n La Carrera de Julio Grondona en la FIFA<br \/>\n En 1980 integr\u00f3 la Comisi\u00f3n T\u00e9cnica de la FIFA. Actu\u00f3 como Miembro de la Comisi\u00f3n Organizadora de la Copa Mundial de la FIFA, en la siguientes ediciones: M\u00e9xico 86, Italia 90, USA 94 y Francia 98, siendo designado Vicepresidente de la citada Comisi\u00f3n para las Copas Mundiales de Corea Jap\u00f3n 2002, Alemania 2006 y la que se disput\u00f3 en Sud\u00e1frica 2010. El 30 de abril de 1998, el 51\u00b0 Congreso Ordinario de la Confederaci\u00f3n Sudamericana de F\u00fatbol, por aclamaci\u00f3n, lo eligi\u00f3 para ocupar la Vicepresidencia de la FIFA en el per\u00edodo 1998\/92; en el 53\u00b0 Congreso Ordinario de dicha Confederaci\u00f3n realizado en Asunci\u00f3n, Paraguay, \u00a0fue reelecto por unanimidad para continuar con dicho cargo en representaci\u00f3n de Sudam\u00e9rica en el per\u00edodo 1992\/96; en el 55\u00b0 Congreso de la citada entidad continental, realizado el 3\/3\/96 en la ciudad de Mar del Plata, qued\u00f3 nuevamente confirmado para desempe\u00f1ar dichas funciones en la FIFA, para el per\u00edodo 1996\/2000; en el 57\u00b0 Congreso Ordinario efectuado en Asunci\u00f3n, Paraguay, el d\u00eda 12 de febrero de 2000 fue reelecto, por unanimidad, para el per\u00edodo 2000\/2004; en el 59\u00b0 Congreso Ordinario llevado a cabo en el seno de la Conmebol, en Asunci\u00f3n el 7 de febrero de 2004, fue reelecto por un nuevo per\u00edodo (2004-2008); en el 60\u00b0 Congreso Ordinario, el d\u00eda 3 de febrero de 2006, se le renov\u00f3 el mandato hasta 2011. La Confederaci\u00f3n Sudamericana de F\u00fatbol en su 62\u00b0 Congreso Ordinario del 1\u00b0 \u00a0de mayo de 2011, dispuso su reelecci\u00f3n para un nuevo mandato (2011-2014), ratificado en el \u00faltimo Congreso de la FIFA realizado el mi\u00e9rcoles en la Isla Mauricio.Desde el mes de febrero de 1997, en que fuera designado, ejerce el cargo de Vicepresidente Senior de la FIFA. Asimismo, en la actualidad, integra las siguientes Comisiones de dicho Organismo:<br \/>\n -Presidente de la Comisi\u00f3n de Finanzas.<br \/>\n-Miembro de la Comisi\u00f3n Organizadora de la Copa Mundial de la FIFA.<br \/>\n-Miembro del Bureau de la Copa Mundial de la FIFA Brasil 2014.<br \/>\n-Vicepresidente de la Comisi\u00f3n Estrat\u00e9gica.<br \/>\n-Presidente del Consejo de Administraci\u00f3n de FIFA Ticketing AG.<br \/>\n\u00a0<\/p>\n","protected":false},"excerpt":{"rendered":"<p>\u00a0 La Confederaci\u00f3n Sudamericana de F\u00fatbol, ratific\u00f3 al Presidente de la Asociaci\u00f3n del F\u00fatbol Argentino, Sr. Julio Humberto Grondona, como Vicepresidente Senior de la FIFA, institucionalmente el cargo m\u00e1s relevante despu\u00e9s del titular de la entidad, Joseph Blatter.El Sr. Grondona, Presidente de la Asociaci\u00f3n del F\u00fatbol Argentino, ejerce la representaci\u00f3n sudamericana junto a Eugenio Figueredo [&hellip;]<\/p>\n","protected":false},"author":2,"featured_media":16913,"comment_status":"open","ping_status":"open","sticky":false,"template":"","format":"standard","meta":{"_et_pb_use_builder":"","_et_pb_old_content":"","_et_gb_content_width":"","footnotes":""},"categories":[14,50],"tags":[],"class_list":["post-18781","post","type-post","status-publish","format-standard","has-post-thumbnail","hentry","category-deportes","category-futbol-internacional-2"],"_links":{"self":[{"href":"https:\/\/vocesdebaires.com.ar\/index.php\/wp-json\/wp\/v2\/posts\/18781"}],"collection":[{"href":"https:\/\/vocesdebaires.com.ar\/index.php\/wp-json\/wp\/v2\/posts"}],"about":[{"href":"https:\/\/vocesdebaires.com.ar\/index.php\/wp-json\/wp\/v2\/types\/post"}],"author":[{"embeddable":true,"href":"https:\/\/vocesdebaires.com.ar\/index.php\/wp-json\/wp\/v2\/users\/2"}],"replies":[{"embeddable":true,"href":"https:\/\/vocesdebaires.com.ar\/index.php\/wp-json\/wp\/v2\/comments?post=18781"}],"version-history":[{"count":0,"href":"https:\/\/vocesdebaires.com.ar\/index.php\/wp-json\/wp\/v2\/posts\/18781\/revisions"}],"wp:featuredmedia":[{"embeddable":true,"href":"https:\/\/vocesdebaires.com.ar\/index.php\/wp-json\/wp\/v2\/media\/16913"}],"wp:attachment":[{"href":"https:\/\/vocesdebaires.com.ar\/index.php\/wp-json\/wp\/v2\/media?parent=18781"}],"wp:term":[{"taxonomy":"category","embeddable":true,"href":"https:\/\/vocesdebaires.com.ar\/index.php\/wp-json\/wp\/v2\/categories?post=18781"},{"taxonomy":"post_tag","embeddable":true,"href":"https:\/\/vocesdebaires.com.ar\/index.php\/wp-json\/wp\/v2\/tags?post=18781"}],"curies":[{"name":"wp","href":"https:\/\/api.w.org\/{rel}","templated":true}]}}