{"id":1883,"date":"2020-06-12T17:04:37","date_gmt":"2020-06-12T20:04:37","guid":{"rendered":"http:\/\/vocesdebaires.com.ar\/wordpress\/index.php\/2020\/06\/12\/ciudad-cumplio-440-anos-y-homenaje-a-voluntarios\/"},"modified":"2020-06-12T17:04:37","modified_gmt":"2020-06-12T20:04:37","slug":"ciudad-cumplio-440-anos-y-homenaje-a-voluntarios","status":"publish","type":"post","link":"https:\/\/vocesdebaires.com.ar\/index.php\/2020\/06\/12\/ciudad-cumplio-440-anos-y-homenaje-a-voluntarios\/","title":{"rendered":"Ciudad cumpli\u00f3 440 a\u00f1os y homenaje a voluntarios"},"content":{"rendered":"<p>El COVID-19 moviliz\u00f3, desde lo m\u00e1s profundo, la vocaci\u00f3n solidaria que siempre existi\u00f3 en los vecinos de la Ciudad, pero que en este momento se vio incrementado para ayudar a quienes m\u00e1s lo necesitan. Muchas personas dijeron presente para colaborar, desde sus posibilidades, en los diferentes programas que se organizaron desde la Ciudad para brindar asistencia durante la pandemia. Comprometidos desde el coraz\u00f3n, el poder de transformar de estos vecinos se multiplica.<\/p>\n<p>Para hacer frente a la pandemia, desde el Gobierno de la Ciudad se coordinaron distintos programas: se dirigieron gran parte de los esfuerzos a organizar la recepci\u00f3n de pasajeros y recuperaci\u00f3n de pacientes leves con COVID-19 en m\u00e1s de 30 hoteles porte\u00f1os; se puso foco en el cuidado de los mayores y personas de grupos de riesgo, a trav\u00e9s de la asistencia con voluntarios del programa Mayores Cuidados y con la campa\u00f1a de vacunaci\u00f3n antigripal; tambi\u00e9n, entendiendo la dif\u00edcil situaci\u00f3n que est\u00e1n atravesando algunas familias, se procur\u00f3 la asistencia con bolsones de comida repartidos en los barrios populares de la Ciudad, entre otras iniciativas.<\/p>\n<p>De esta manera, en el aniversario 440\u00b0 de la Ciudad de Buenos Aires, que se celebra el 11 de junio, el Gobierno de la Ciudad rinde homenaje a quienes se sumaron a estos programas, revitalizando la figura del vecino participativo, transformando el miedo y la incertidumbre en uni\u00f3n, solidaridad y compromiso con las personas, y con el lugar donde viven.En esa fecha adem\u00e1s se conmemora el D\u00eda del Vecino, que fue instituido por Romeo Raffo Bont\u00e1, quien desde la Asociaci\u00f3n Vecinal de Villa del Parque promovi\u00f3 el festejo de este d\u00eda, evocando el aniversario de la segunda fundaci\u00f3n de la Ciudad de Buenos Aires. En el a\u00f1o 1959, el Gobierno de la Ciudad de Buenos Aires estableci\u00f3 el 11 de junio como D\u00eda del Vecino. Desde entonces es una jornada de alcance nacional. En 1990 esta efem\u00e9ride cambi\u00f3 su nombre a \u201cD\u00eda del Vecino Participativo\u201d, para destacar el trabajo conjunto entre las organizaciones barriales, los vecinos y el Estado.<\/p>\n","protected":false},"excerpt":{"rendered":"<p>El COVID-19 moviliz\u00f3, desde lo m\u00e1s profundo, la vocaci\u00f3n solidaria que siempre existi\u00f3 en los vecinos de la Ciudad, pero que en este momento se vio incrementado para ayudar a quienes m\u00e1s lo necesitan. Muchas personas dijeron presente para colaborar, desde sus posibilidades, en los diferentes programas que se organizaron desde la Ciudad para brindar [&hellip;]<\/p>\n","protected":false},"author":1,"featured_media":1884,"comment_status":"open","ping_status":"open","sticky":false,"template":"","format":"standard","meta":{"_et_pb_use_builder":"","_et_pb_old_content":"","_et_gb_content_width":"","footnotes":""},"categories":[11,33],"tags":[],"class_list":["post-1883","post","type-post","status-publish","format-standard","has-post-thumbnail","hentry","category-ciudad","category-sociedad-y-cultura-2"],"_links":{"self":[{"href":"https:\/\/vocesdebaires.com.ar\/index.php\/wp-json\/wp\/v2\/posts\/1883"}],"collection":[{"href":"https:\/\/vocesdebaires.com.ar\/index.php\/wp-json\/wp\/v2\/posts"}],"about":[{"href":"https:\/\/vocesdebaires.com.ar\/index.php\/wp-json\/wp\/v2\/types\/post"}],"author":[{"embeddable":true,"href":"https:\/\/vocesdebaires.com.ar\/index.php\/wp-json\/wp\/v2\/users\/1"}],"replies":[{"embeddable":true,"href":"https:\/\/vocesdebaires.com.ar\/index.php\/wp-json\/wp\/v2\/comments?post=1883"}],"version-history":[{"count":0,"href":"https:\/\/vocesdebaires.com.ar\/index.php\/wp-json\/wp\/v2\/posts\/1883\/revisions"}],"wp:featuredmedia":[{"embeddable":true,"href":"https:\/\/vocesdebaires.com.ar\/index.php\/wp-json\/wp\/v2\/media\/1884"}],"wp:attachment":[{"href":"https:\/\/vocesdebaires.com.ar\/index.php\/wp-json\/wp\/v2\/media?parent=1883"}],"wp:term":[{"taxonomy":"category","embeddable":true,"href":"https:\/\/vocesdebaires.com.ar\/index.php\/wp-json\/wp\/v2\/categories?post=1883"},{"taxonomy":"post_tag","embeddable":true,"href":"https:\/\/vocesdebaires.com.ar\/index.php\/wp-json\/wp\/v2\/tags?post=1883"}],"curies":[{"name":"wp","href":"https:\/\/api.w.org\/{rel}","templated":true}]}}