{"id":1887,"date":"2020-06-12T16:22:40","date_gmt":"2020-06-12T19:22:40","guid":{"rendered":"http:\/\/vocesdebaires.com.ar\/wordpress\/index.php\/2020\/06\/12\/covid-19numeros-de-los-testeos-en-flores\/"},"modified":"2020-06-12T16:22:40","modified_gmt":"2020-06-12T19:22:40","slug":"covid-19numeros-de-los-testeos-en-flores","status":"publish","type":"post","link":"https:\/\/vocesdebaires.com.ar\/index.php\/2020\/06\/12\/covid-19numeros-de-los-testeos-en-flores\/","title":{"rendered":"Covid-19:N\u00fameros de los testeos en Flores"},"content":{"rendered":"<p>En el marco del Operativo DetectAR que lleva adelante la Ciudad en conjunto con el Gobierno Nacional, este mi\u00e9rcoles 10 de junio se inici\u00f3 con la b\u00fasqueda activa de casos de coronavirus en Flores. En la primera jornada, con un total de 26 domicilios visitados, se identificaron un total de 46 \u2018contactos estrechos\u2019 de casos positivos que fueron hisopados en el cami\u00f3n sanitario.Ayer jueves continu\u00f3\u00a0 en Flores , una vez que\u00a0 finaliz\u00f3 , el siguiente punto ser\u00e1 seleccionado de acuerdo a la evoluci\u00f3n de los contagios a lo largo del territorio porte\u00f1o. La extensi\u00f3n de la pol\u00edtica p\u00fablica se decidi\u00f3 en base a los buenos resultados que se obtuvieron en aquellos lugares donde hoy ya funciona.<\/p>\n<p>Tras cuatro jornadas del Operativo DetectAR en Balvanera, desde el s\u00e1bado 6 al martes 9, se relevaron un total de 84 domicilios en los que se identificaron 187 \u2018contactos estrechos\u2019 que fueron hisopados en el cami\u00f3n sanitario. Hasta el momento, se conocieron 90 positivos, que fueron derivados seg\u00fan sus necesidades de atenci\u00f3n y permanecen aislados; 67 negativos que pudieron regresar o permanecer en su domicilio; y 30 se encuentran pendientes de an\u00e1lisis.<\/p>\n<p>El objetivo es identificar de manera temprana a los \u2018contactos estrechos\u2019 de las 123 personas recientemente confirmadas con COVID-19 en 90 domicilios, evaluarlos y lograr mitigar la contagiosidad del virus. Aquellos que presentan s\u00edntomas compatibles con la enfermedad permanecer\u00e1n aisladas de manera preventiva a la espera del resultado.La iniciativa incluye un cami\u00f3n sanitario y un equipo de salud que lleva adelante la b\u00fasqueda \u2018puerta a puerta\u2019 en duplas. Esta estrategia es la que m\u00e1s ha resultado en el mundo junto con el distanciamiento f\u00edsico en pos de la contenci\u00f3n de la transmisi\u00f3n del virus.<\/p>\n<p>C\u00f3mo es el protocolo para los casos que presentan s\u00edntomas<br \/>De acuerdo a los protocolos sanitarios vigentes por la pandemia, las personas que presentan s\u00edntomas compatibles con el virus son hisopadas en el puesto de control del operativo m\u00f3vil y luego trasladadas en un taxi especialmente adaptado a la Unidad Febril de Urgencia (UFU) m\u00e1s cercana, donde esperar\u00e1n el resultado. Si son positivas de COVID-19, ser\u00e1n derivadas seg\u00fan sus necesidades de atenci\u00f3n. En caso contrario, el Ministerio de Salud continuar\u00e1 con el seguimiento telef\u00f3nico diario para evaluar su evoluci\u00f3n y brindarle asistencia en caso de que la requieran.<br \/>En paralelo, el Operativo DetecAR continuar\u00e1 funcionando en los barrios 1.11.14, 31, 21.24, 15 y 20, d\u00f3nde est\u00e1 demostrando buenos resultados. Al lunes 8 de junio, se hab\u00edan realizado 7403 hisopados a residentes de estos puntos, de los cuales 3339 dieron positivo.<\/p>\n<p>4 claves para confirmar que es una visita de un representante del Operativo DetectAR<br \/>Teniendo en cuenta la importancia de brindarle tranquilidad a los vecinos, se implementar\u00e1n una serie de pautas de seguridad para que puedan verificar que se trate de un representante oficial: Siempre que sea posible, la Ciudad se contactar\u00e1 con el caso confirmado y le pedir\u00e1 que act\u00fae como intermediario para notificarle a sus \u2018contactos estrechos\u2019 y convivientes que van a ser visitados en su domicilio por una persona del Operativo. Se comunicar\u00e1n previamente desde el equipo del Ministerio de Salud para dar aviso de la visita sanitaria. Se va a llevar adelante una campa\u00f1a de comunicaci\u00f3n directa en el barrio para informar a los vecinos de la nueva iniciativa de b\u00fasqueda activa de \u2018contactos estrechos\u2019. El agente en territorio presentar\u00e1 una identificaci\u00f3n que certifique que es parte del Ministerio de Salud y del DetectAR.<br \/>4 escenarios luego del test PCR por coronavirus<\/p>\n<p>En la Ciudad, una vez que una persona es testeada, hay cuatro caminos posibles:Positivos leves (sin necesidad de cuidados complementarios): son derivados a hoteles especialmente adaptados.<br \/>Positivos moderados: son trasladados a un hospital e internados en el sector destinado a pacientes con coronavirus.<br \/>Positivos graves: se derivan a un hospital y son internados en la Terapia Intensiva COVID-19.<br \/>Negativos: pueden regresar a su domicilio.<\/p>\n","protected":false},"excerpt":{"rendered":"<p>En el marco del Operativo DetectAR que lleva adelante la Ciudad en conjunto con el Gobierno Nacional, este mi\u00e9rcoles 10 de junio se inici\u00f3 con la b\u00fasqueda activa de casos de coronavirus en Flores. En la primera jornada, con un total de 26 domicilios visitados, se identificaron un total de 46 \u2018contactos estrechos\u2019 de casos [&hellip;]<\/p>\n","protected":false},"author":1,"featured_media":1888,"comment_status":"open","ping_status":"open","sticky":false,"template":"","format":"standard","meta":{"_et_pb_use_builder":"","_et_pb_old_content":"","_et_gb_content_width":"","footnotes":""},"categories":[11,32],"tags":[],"class_list":["post-1887","post","type-post","status-publish","format-standard","has-post-thumbnail","hentry","category-ciudad","category-comunas"],"_links":{"self":[{"href":"https:\/\/vocesdebaires.com.ar\/index.php\/wp-json\/wp\/v2\/posts\/1887"}],"collection":[{"href":"https:\/\/vocesdebaires.com.ar\/index.php\/wp-json\/wp\/v2\/posts"}],"about":[{"href":"https:\/\/vocesdebaires.com.ar\/index.php\/wp-json\/wp\/v2\/types\/post"}],"author":[{"embeddable":true,"href":"https:\/\/vocesdebaires.com.ar\/index.php\/wp-json\/wp\/v2\/users\/1"}],"replies":[{"embeddable":true,"href":"https:\/\/vocesdebaires.com.ar\/index.php\/wp-json\/wp\/v2\/comments?post=1887"}],"version-history":[{"count":0,"href":"https:\/\/vocesdebaires.com.ar\/index.php\/wp-json\/wp\/v2\/posts\/1887\/revisions"}],"wp:featuredmedia":[{"embeddable":true,"href":"https:\/\/vocesdebaires.com.ar\/index.php\/wp-json\/wp\/v2\/media\/1888"}],"wp:attachment":[{"href":"https:\/\/vocesdebaires.com.ar\/index.php\/wp-json\/wp\/v2\/media?parent=1887"}],"wp:term":[{"taxonomy":"category","embeddable":true,"href":"https:\/\/vocesdebaires.com.ar\/index.php\/wp-json\/wp\/v2\/categories?post=1887"},{"taxonomy":"post_tag","embeddable":true,"href":"https:\/\/vocesdebaires.com.ar\/index.php\/wp-json\/wp\/v2\/tags?post=1887"}],"curies":[{"name":"wp","href":"https:\/\/api.w.org\/{rel}","templated":true}]}}