{"id":18881,"date":"2013-06-10T20:10:26","date_gmt":"2013-06-10T23:10:26","guid":{"rendered":"http:\/\/vocesdebaires.com.ar\/wordpress\/index.php\/2013\/06\/10\/un-rompecabezas\/"},"modified":"2013-06-10T20:10:26","modified_gmt":"2013-06-10T23:10:26","slug":"un-rompecabezas","status":"publish","type":"post","link":"https:\/\/vocesdebaires.com.ar\/index.php\/2013\/06\/10\/un-rompecabezas\/","title":{"rendered":"Un rompecabezas"},"content":{"rendered":"<p>\u00a0<br \/>\nPas\u00f3 la igualdad con Colombia y la Selecci\u00f3n se prepara para visitar ma\u00f1ana a Ecuador. Hombre de soluciones pr\u00e1cticas, Alejandro Sabella confiar\u00e1 en una receta probada y repetir\u00e1 el 5-3-2 que rindi\u00f3 un empate ante Bolivia en La Paz. Eso s\u00ed: habr\u00e1 varios cambios entre suspensiones y lesiones para jugar en Quito, 2.800 metros sobre el mar. \u201cMe gustar\u00eda jugar de entrada contra Ecuador. Pero es dif\u00edcil porque hay un desgaste extra por la altura y porque hace mucho que no hac\u00eda f\u00fatbol. As\u00ed que no s\u00e9, vamos a ver qu\u00e9 pasa\u201d. Despu\u00e9s de la media hora que disput\u00f3 ante Colombia, Lionel Messi blanque\u00f3 su situaci\u00f3n: est\u00e1 casi confirmado que ma\u00f1ana comenzar\u00e1 en el banco ante Ecuador. Ser\u00e1 otra buena ocasi\u00f3n para evaluar c\u00f3mo responde la Selecci\u00f3n sin Leo.<br \/>\nAdem\u00e1s del arco (Sergio Romero es una fija), el \u00fanico sector que sale de memoria es el mediocampo. Ever Banega, Javier Mascherano y Angel Di Mar\u00eda estar\u00e1n desde el arranque, como en La Paz. El volante de Valencia cumpli\u00f3 una fecha de suspensi\u00f3n y reemplazar\u00e1 a Lucas Biglia. Y, en ataque, Sabella tiene frescos los recuerdos del trabajo que hizo Rodrigo Palacio en Bolivia. Por eso, el delantero de Inter aventaja a Ezequiel Lavezzi en la carrera para acompa\u00f1ar a Sergio Ag\u00fcero.<br \/>\nLas principales dudas residen en la defensa. Si bien el desempe\u00f1o ante Colombia fue positivo, el entrenador entiende que la altura de Quito requiere rearmarla. Marcos Rojo es el \u00fanico con el puesto asegurado. Pablo Zabaleta cumplir\u00e1 una fecha por acumulaci\u00f3n de amonestaciones, por lo que Gino Peruzzi y Clemente Rodr\u00edguez, convocado de urgencia, pelean por un lugar en el lateral derecho. Jos\u00e9 Basanta, otro que estuvo desde el inicio en La Paz, tiene serias chances de comenzar como titular el partido con Ecuador. Los otros dos puestos se los disputan tres hombres: Ezequiel Garay (ayer no entren\u00f3 por un golpe), Federico Fern\u00e1ndez y Hugo Campagnaro. Sabella, que juega al rompecabezas, tiene cinco cambios en mente. Todo sea por traerse una temprana clasificaci\u00f3n.<\/p>\n","protected":false},"excerpt":{"rendered":"<p>\u00a0 Pas\u00f3 la igualdad con Colombia y la Selecci\u00f3n se prepara para visitar ma\u00f1ana a Ecuador. Hombre de soluciones pr\u00e1cticas, Alejandro Sabella confiar\u00e1 en una receta probada y repetir\u00e1 el 5-3-2 que rindi\u00f3 un empate ante Bolivia en La Paz. Eso s\u00ed: habr\u00e1 varios cambios entre suspensiones y lesiones para jugar en Quito, 2.800 metros [&hellip;]<\/p>\n","protected":false},"author":2,"featured_media":18882,"comment_status":"open","ping_status":"open","sticky":false,"template":"","format":"standard","meta":{"_et_pb_use_builder":"","_et_pb_old_content":"","_et_gb_content_width":"","footnotes":""},"categories":[14,49],"tags":[],"class_list":["post-18881","post","type-post","status-publish","format-standard","has-post-thumbnail","hentry","category-deportes","category-seleccion-argentina-2"],"_links":{"self":[{"href":"https:\/\/vocesdebaires.com.ar\/index.php\/wp-json\/wp\/v2\/posts\/18881"}],"collection":[{"href":"https:\/\/vocesdebaires.com.ar\/index.php\/wp-json\/wp\/v2\/posts"}],"about":[{"href":"https:\/\/vocesdebaires.com.ar\/index.php\/wp-json\/wp\/v2\/types\/post"}],"author":[{"embeddable":true,"href":"https:\/\/vocesdebaires.com.ar\/index.php\/wp-json\/wp\/v2\/users\/2"}],"replies":[{"embeddable":true,"href":"https:\/\/vocesdebaires.com.ar\/index.php\/wp-json\/wp\/v2\/comments?post=18881"}],"version-history":[{"count":0,"href":"https:\/\/vocesdebaires.com.ar\/index.php\/wp-json\/wp\/v2\/posts\/18881\/revisions"}],"wp:featuredmedia":[{"embeddable":true,"href":"https:\/\/vocesdebaires.com.ar\/index.php\/wp-json\/wp\/v2\/media\/18882"}],"wp:attachment":[{"href":"https:\/\/vocesdebaires.com.ar\/index.php\/wp-json\/wp\/v2\/media?parent=18881"}],"wp:term":[{"taxonomy":"category","embeddable":true,"href":"https:\/\/vocesdebaires.com.ar\/index.php\/wp-json\/wp\/v2\/categories?post=18881"},{"taxonomy":"post_tag","embeddable":true,"href":"https:\/\/vocesdebaires.com.ar\/index.php\/wp-json\/wp\/v2\/tags?post=18881"}],"curies":[{"name":"wp","href":"https:\/\/api.w.org\/{rel}","templated":true}]}}