{"id":18916,"date":"2013-11-07T19:08:01","date_gmt":"2013-11-07T22:08:01","guid":{"rendered":"http:\/\/vocesdebaires.com.ar\/wordpress\/index.php\/2013\/11\/07\/monumento-a-brochero-tiene-aprobacion-inicial\/"},"modified":"2013-11-07T19:08:01","modified_gmt":"2013-11-07T22:08:01","slug":"monumento-a-brochero-tiene-aprobacion-inicial","status":"publish","type":"post","link":"https:\/\/vocesdebaires.com.ar\/index.php\/2013\/11\/07\/monumento-a-brochero-tiene-aprobacion-inicial\/","title":{"rendered":"Monumento a Brochero tiene aprobaci\u00f3n inicial"},"content":{"rendered":"<p>\u00a0<br \/>\n El Cuerpo Parlamentario aprob\u00f3 este jueves por 54 votos afirmativos en primera lectura emplazar un monumento al Cura Brochero en la esquina de la segunda plazoleta de la Avenida de los Corrales y la calle Timoteo Gordillo, en el barrio porte\u00f1o de Mataderos, por iniciativa de los Diputados Cristian Ritondo y Roberto Quattromano, y de la Diputada L\u00eda Rueda, presidenta de la Comisi\u00f3n de Cultura, todos del PRO. El Padre Brochero tom\u00f3 los h\u00e1bitos de sacerdote a los 26 a\u00f1os de edad en 1866 y el 10 de diciembre del mismo a\u00f1o da su primera misa. Brochero colabor\u00f3 en 1867 a socorrer los enfermos y moribundos de la epidemia de c\u00f3lera que azota a la ciudad de C\u00f3rdoba. En 1869 parte de la ciudad de C\u00f3rdoba para hacerse cargo del curato de San Alberto, actualmente conocido como el valle de Traslasierra, instalado en la localidad de Villa del Tr\u00e1nsito. All\u00ed inici\u00f3 su misi\u00f3n edificando la &quot;Casa de Ejercicios Espirituales de Traslasierra&quot;. Organiz\u00f3 a los pobladores de esa regi\u00f3n, entonces muy apartada, construyendo con los vecinos el llamado camino de las altas cumbres, incluyendo interesantes puentes de piedra, que al cabo de 200 km uni\u00f3 la poblaci\u00f3n de Villa del Tr\u00e1nsito (actual Villa Cura Brochero) con la ciudad de C\u00f3rdoba.<br \/>\n En su vejez el Padre Brochero enferm\u00f3 de lepra, que lo dej\u00f3 sordo y ciego. A\u00f1os despu\u00e9s de su entierro se encontr\u00f3 que su cuerpo estaba incorrupto, y en el mes de marzo de 2009 el arzobispo de C\u00f3rdoba, monse\u00f1or Carlos \u00d1\u00e1\u00f1ez, abri\u00f3 el proceso que analiz\u00f3 un presunto milagro atribuido a la intercesi\u00f3n del Cura Brochero. En el a\u00f1o 2012 el Decreto de beatificaci\u00f3n del Cura Brochero fue firmado el 20 de diciembre por el Papa Benedicto XVI. La Iglesia Argentina celebr\u00f3 este avance en la causa de beatificaci\u00f3n ya que se espera poder pronto nombrarlo patrono de los Sacerdotes. En la votaci\u00f3n se abstuvo el Diputado Alejandro Bodart (MST) y la norma deber\u00e1 ser tratada en audiencia p\u00fablica. &quot;San Francisco de As\u00eds&quot; en Flores El Cuerpo Parlamentario aprob\u00f3 en primera lectura el proyecto de Ley que propone denominar &quot;San Francisco de As\u00eds&quot; al cantero central sito en la calle Francisco Bilbao, entre Culpina y la Avenida Lafuente, en el barrio porte\u00f1o de Flores. La Diputada Maria Raquel Herrero (PRO) impuls\u00f3 la iniciativa que cuenta con dictamen de mayor\u00eda por parte de la Comisi\u00f3n de Cultura y deber\u00e1 ser considerada en audiencia p\u00fablica. Francisco de As\u00eds naci\u00f3 en Italia bajo el nombre de Giovanni y predic\u00f3 la pobreza como un valor y propuso un modo de vida sencillo basado en los ideales de los Evangelios. El papa Inocencio III aprob\u00f3 su modelo de vida religiosa, le concedi\u00f3 permiso para predicar y lo orden\u00f3 di\u00e1cono. Con el tiempo, el n\u00famero de sus adeptos fue aumentando y Francisco comenz\u00f3 a formar una orden religiosa, la de los franciscanos. Tambi\u00e9n se dedic\u00f3 a la vida contemplativa, y durante este retiro fue que recibi\u00f3 los estigmas (las heridas de Cristo en su propio cuerpo). Muri\u00f3 el 3 de octubre de 1226, despu\u00e9s de una larga enfermedad, a la edad de 44 a\u00f1os y fue canonizado dos a\u00f1os despu\u00e9s de su muerte. Sus sucesores lo admiraron tanto por ser ejemplo de austeridad como por su sensibilidad po\u00e9tica.<\/p>\n","protected":false},"excerpt":{"rendered":"<p>\u00a0 El Cuerpo Parlamentario aprob\u00f3 este jueves por 54 votos afirmativos en primera lectura emplazar un monumento al Cura Brochero en la esquina de la segunda plazoleta de la Avenida de los Corrales y la calle Timoteo Gordillo, en el barrio porte\u00f1o de Mataderos, por iniciativa de los Diputados Cristian Ritondo y Roberto Quattromano, y [&hellip;]<\/p>\n","protected":false},"author":2,"featured_media":18917,"comment_status":"open","ping_status":"open","sticky":false,"template":"","format":"standard","meta":{"_et_pb_use_builder":"","_et_pb_old_content":"","_et_gb_content_width":"","footnotes":""},"categories":[11,44],"tags":[],"class_list":["post-18916","post","type-post","status-publish","format-standard","has-post-thumbnail","hentry","category-ciudad","category-funcionarios-de-la-caba"],"_links":{"self":[{"href":"https:\/\/vocesdebaires.com.ar\/index.php\/wp-json\/wp\/v2\/posts\/18916"}],"collection":[{"href":"https:\/\/vocesdebaires.com.ar\/index.php\/wp-json\/wp\/v2\/posts"}],"about":[{"href":"https:\/\/vocesdebaires.com.ar\/index.php\/wp-json\/wp\/v2\/types\/post"}],"author":[{"embeddable":true,"href":"https:\/\/vocesdebaires.com.ar\/index.php\/wp-json\/wp\/v2\/users\/2"}],"replies":[{"embeddable":true,"href":"https:\/\/vocesdebaires.com.ar\/index.php\/wp-json\/wp\/v2\/comments?post=18916"}],"version-history":[{"count":0,"href":"https:\/\/vocesdebaires.com.ar\/index.php\/wp-json\/wp\/v2\/posts\/18916\/revisions"}],"wp:featuredmedia":[{"embeddable":true,"href":"https:\/\/vocesdebaires.com.ar\/index.php\/wp-json\/wp\/v2\/media\/18917"}],"wp:attachment":[{"href":"https:\/\/vocesdebaires.com.ar\/index.php\/wp-json\/wp\/v2\/media?parent=18916"}],"wp:term":[{"taxonomy":"category","embeddable":true,"href":"https:\/\/vocesdebaires.com.ar\/index.php\/wp-json\/wp\/v2\/categories?post=18916"},{"taxonomy":"post_tag","embeddable":true,"href":"https:\/\/vocesdebaires.com.ar\/index.php\/wp-json\/wp\/v2\/tags?post=18916"}],"curies":[{"name":"wp","href":"https:\/\/api.w.org\/{rel}","templated":true}]}}