{"id":18918,"date":"2013-11-07T19:12:29","date_gmt":"2013-11-07T22:12:29","guid":{"rendered":"http:\/\/vocesdebaires.com.ar\/wordpress\/index.php\/2013\/11\/07\/reconocimiento-a-la-republica-francesa\/"},"modified":"2013-11-07T19:12:29","modified_gmt":"2013-11-07T22:12:29","slug":"reconocimiento-a-la-republica-francesa","status":"publish","type":"post","link":"https:\/\/vocesdebaires.com.ar\/index.php\/2013\/11\/07\/reconocimiento-a-la-republica-francesa\/","title":{"rendered":"Reconocimiento a la Rep\u00fablica francesa"},"content":{"rendered":"<p>\u00a0<br \/>\n La Legislatura Porte\u00f1a en agradecimiento a la Rep\u00fablica Francesa por los lazos de amistad y cooperaci\u00f3n que la unen con la Argentina y por ser un segundo hogar para artistas argentinos de todas las \u00e1reas de la cultura, y tambi\u00e9n por haber refugiado a los exiliados en la \u00e9poca que asolaban las dictaduras militares en la regi\u00f3n latinoamericana, entregar\u00e1 al embajador galo una plaqueta con el siguiente texto: &quot;A Francia por los hist\u00f3ricos lazos de amistad y cooperaci\u00f3n con Argentina&quot;. Homenaje de la Legislatura de la Ciudad de Buenos Aires, 2013.<br \/>\nLa autora del proyecto de resoluci\u00f3n, Diputada Susana Rinaldi (FPP), sostiene en sus fundamentos la estrecha relaci\u00f3n que surgi\u00f3 entre Francia y la Argentina desde la independencia de nuestro pa\u00eds, proclamada el 9 de julio de 1816 en el Congreso de Tucum\u00e1n. Argentina colabor\u00f3 con Francia tras la Segunda Guerra Mundial y el grueso del \u00faltimo exilio pol\u00edtico argentino, que lleg\u00f3 a mediados de los a\u00f1os setenta, fue recibido abiertamente por el pa\u00eds europeo. Adem\u00e1s, para numerosos m\u00fasicos, escritores, pintores, poetas y artistas de la danza nacionales, Francia se ha constituido en un segundo hogar. Actualmente, la Rep\u00fablica Francesa contempla con admiraci\u00f3n el camino recorrido para reconstruir la democracia en Argentina, aplicar la justicia a los represores y preservar la memoria de sus v\u00edctimas. Adem\u00e1s, el campo de los derechos humanos es un eje esencial de la relaci\u00f3n franco-argentina. Francia se volvi\u00f3 el primer socio de Argentina en cuanto a la cooperaci\u00f3n cient\u00edfica bilateral, y el tercer pa\u00eds de acogida para los estudiantes argentinos, lo que se plasma en co-financiamiento de programas, apoyo a la creaci\u00f3n de centros de investigaci\u00f3n binacionales, debates de ideas cient\u00edficos y coloquios internacionales, entre otros.<br \/>\n\u00a0<\/p>\n","protected":false},"excerpt":{"rendered":"<p>\u00a0 La Legislatura Porte\u00f1a en agradecimiento a la Rep\u00fablica Francesa por los lazos de amistad y cooperaci\u00f3n que la unen con la Argentina y por ser un segundo hogar para artistas argentinos de todas las \u00e1reas de la cultura, y tambi\u00e9n por haber refugiado a los exiliados en la \u00e9poca que asolaban las dictaduras militares [&hellip;]<\/p>\n","protected":false},"author":2,"featured_media":18919,"comment_status":"open","ping_status":"open","sticky":false,"template":"","format":"standard","meta":{"_et_pb_use_builder":"","_et_pb_old_content":"","_et_gb_content_width":"","footnotes":""},"categories":[11,44],"tags":[],"class_list":["post-18918","post","type-post","status-publish","format-standard","has-post-thumbnail","hentry","category-ciudad","category-funcionarios-de-la-caba"],"_links":{"self":[{"href":"https:\/\/vocesdebaires.com.ar\/index.php\/wp-json\/wp\/v2\/posts\/18918"}],"collection":[{"href":"https:\/\/vocesdebaires.com.ar\/index.php\/wp-json\/wp\/v2\/posts"}],"about":[{"href":"https:\/\/vocesdebaires.com.ar\/index.php\/wp-json\/wp\/v2\/types\/post"}],"author":[{"embeddable":true,"href":"https:\/\/vocesdebaires.com.ar\/index.php\/wp-json\/wp\/v2\/users\/2"}],"replies":[{"embeddable":true,"href":"https:\/\/vocesdebaires.com.ar\/index.php\/wp-json\/wp\/v2\/comments?post=18918"}],"version-history":[{"count":0,"href":"https:\/\/vocesdebaires.com.ar\/index.php\/wp-json\/wp\/v2\/posts\/18918\/revisions"}],"wp:featuredmedia":[{"embeddable":true,"href":"https:\/\/vocesdebaires.com.ar\/index.php\/wp-json\/wp\/v2\/media\/18919"}],"wp:attachment":[{"href":"https:\/\/vocesdebaires.com.ar\/index.php\/wp-json\/wp\/v2\/media?parent=18918"}],"wp:term":[{"taxonomy":"category","embeddable":true,"href":"https:\/\/vocesdebaires.com.ar\/index.php\/wp-json\/wp\/v2\/categories?post=18918"},{"taxonomy":"post_tag","embeddable":true,"href":"https:\/\/vocesdebaires.com.ar\/index.php\/wp-json\/wp\/v2\/tags?post=18918"}],"curies":[{"name":"wp","href":"https:\/\/api.w.org\/{rel}","templated":true}]}}