{"id":1897,"date":"2020-06-11T17:45:48","date_gmt":"2020-06-11T20:45:48","guid":{"rendered":"http:\/\/vocesdebaires.com.ar\/wordpress\/index.php\/2020\/06\/11\/farmacia-clausurada-por-segunda-vez-en-la-boca\/"},"modified":"2020-06-11T17:45:48","modified_gmt":"2020-06-11T20:45:48","slug":"farmacia-clausurada-por-segunda-vez-en-la-boca","status":"publish","type":"post","link":"https:\/\/vocesdebaires.com.ar\/index.php\/2020\/06\/11\/farmacia-clausurada-por-segunda-vez-en-la-boca\/","title":{"rendered":"Farmacia clausurada por segunda vez, en la Boca"},"content":{"rendered":"<p>Personal de la Divisi\u00f3n Delitos contra la Salud de la Polic\u00eda de la Ciudad, en el marco de tareas preventivas, estableci\u00f3 que la propietaria de una farmacia ubicada en Olavarr\u00eda al 800 carec\u00eda de los papeles de habilitaci\u00f3n que debe expedir el Ministerio de Salud y comercializando medicamentos sin recetas.Esta farmacia ya hab\u00eda sido clausurada en agosto de 2019 por no tener la habilitaci\u00f3n correspondiente. Ante la venta flagrante, la Fiscal\u00eda interventora dispuso que se convoque al Ministerio de Salud de la Naci\u00f3n y la Direcci\u00f3n General de Fiscalizaci\u00f3n y Control del GCBA., para hacer un relevamiento en la\u00a0 farmacia.<\/p>\n<p>En el procedimiento conjunto se determin\u00f3 que el local no estaba habilitado como rubro de farmacia ni contaba con Director T\u00e9cnico Farmac\u00e9utico, en tanto que el personal de la Direcci\u00f3n General de Fiscalizaci\u00f3n y Control del gobierno porte\u00f1o advirti\u00f3 anomal\u00edas sobre higiene y seguridad por lo cual dispuso la clausura administrativa. Tras tomar conocimiento de esas diligencias, la Unidad Fiscal Especializada en Materia Ambiental, a cargo del Dr. Blas Mat\u00edas Michenzi, orden\u00f3 la Clausura Judicial del lugar, solicitando la colaboraci\u00f3n de la Guardia de Auxilio para anular los ingresos al local. Tambi\u00e9n dispuso la detenci\u00f3n de la propietaria del fondo de comercio por infracci\u00f3n a los art\u00edculos 204 del C\u00f3digo Penal, por suministro irregular de medicamentos, y 79 del C\u00f3digo Contravencional de la Ciudad y el secuestro de la mercader\u00eda.<\/p>\n","protected":false},"excerpt":{"rendered":"<p>Personal de la Divisi\u00f3n Delitos contra la Salud de la Polic\u00eda de la Ciudad, en el marco de tareas preventivas, estableci\u00f3 que la propietaria de una farmacia ubicada en Olavarr\u00eda al 800 carec\u00eda de los papeles de habilitaci\u00f3n que debe expedir el Ministerio de Salud y comercializando medicamentos sin recetas.Esta farmacia ya hab\u00eda sido clausurada [&hellip;]<\/p>\n","protected":false},"author":1,"featured_media":1898,"comment_status":"open","ping_status":"open","sticky":false,"template":"","format":"standard","meta":{"_et_pb_use_builder":"","_et_pb_old_content":"","_et_gb_content_width":"","footnotes":""},"categories":[11,32],"tags":[],"class_list":["post-1897","post","type-post","status-publish","format-standard","has-post-thumbnail","hentry","category-ciudad","category-comunas"],"_links":{"self":[{"href":"https:\/\/vocesdebaires.com.ar\/index.php\/wp-json\/wp\/v2\/posts\/1897"}],"collection":[{"href":"https:\/\/vocesdebaires.com.ar\/index.php\/wp-json\/wp\/v2\/posts"}],"about":[{"href":"https:\/\/vocesdebaires.com.ar\/index.php\/wp-json\/wp\/v2\/types\/post"}],"author":[{"embeddable":true,"href":"https:\/\/vocesdebaires.com.ar\/index.php\/wp-json\/wp\/v2\/users\/1"}],"replies":[{"embeddable":true,"href":"https:\/\/vocesdebaires.com.ar\/index.php\/wp-json\/wp\/v2\/comments?post=1897"}],"version-history":[{"count":0,"href":"https:\/\/vocesdebaires.com.ar\/index.php\/wp-json\/wp\/v2\/posts\/1897\/revisions"}],"wp:featuredmedia":[{"embeddable":true,"href":"https:\/\/vocesdebaires.com.ar\/index.php\/wp-json\/wp\/v2\/media\/1898"}],"wp:attachment":[{"href":"https:\/\/vocesdebaires.com.ar\/index.php\/wp-json\/wp\/v2\/media?parent=1897"}],"wp:term":[{"taxonomy":"category","embeddable":true,"href":"https:\/\/vocesdebaires.com.ar\/index.php\/wp-json\/wp\/v2\/categories?post=1897"},{"taxonomy":"post_tag","embeddable":true,"href":"https:\/\/vocesdebaires.com.ar\/index.php\/wp-json\/wp\/v2\/tags?post=1897"}],"curies":[{"name":"wp","href":"https:\/\/api.w.org\/{rel}","templated":true}]}}