{"id":19022,"date":"2013-11-07T18:59:24","date_gmt":"2013-11-07T21:59:24","guid":{"rendered":"http:\/\/vocesdebaires.com.ar\/wordpress\/index.php\/2013\/11\/07\/legislaturasesion-ordinaria-2\/"},"modified":"2013-11-07T18:59:24","modified_gmt":"2013-11-07T21:59:24","slug":"legislaturasesion-ordinaria-2","status":"publish","type":"post","link":"https:\/\/vocesdebaires.com.ar\/index.php\/2013\/11\/07\/legislaturasesion-ordinaria-2\/","title":{"rendered":"Legislatura:Sesi\u00f3n Ordinaria"},"content":{"rendered":"<p>Como compositor desarroll\u00f3 una vasta labor destac\u00e1ndose sus \u00f3peras La voz del silencio (Teatro Col\u00f3n, 1969), Escorial, sobre el drama de Ghelderode (Teatro Col\u00f3n, 1989) y Guayaquil (Teatro Col\u00f3n, 1993). Es, adem\u00e1s, autor de las obras sinf\u00f3nicas Eleg\u00eda, La eternidad y el viento, R\u00e9quiem de los \u00e1ngeles, Resurrexit, Cantos de Amor para soprano y orquesta, las sinfon\u00edas n\u00fameros 1, 2 y 3, esta \u00faltima encargada y estrenada en 1993 por la Orquesta Filarm\u00f3nica de Buenos Aires, las \u00f3peras El \u00e1ngel de la muerte (2008) y Fedra (Teatro Col\u00f3n, 2011). Es invitado regularmente como jurado del concurso de canto Lauri Volpi en la ciudad de Ostia (Italia). \u00abActualmente es miembro de la Academia Argentina de M\u00fasica y presidente de la Asociaci\u00f3n Giacomo Puccini de la Rep\u00fablica Argentina, y compositor residente del Teatro Col\u00f3n\u00bb, de stacan los fundamentos de la iniciativa de la Diputada Diana Martinez Barrios (PRO), que cont\u00f3 con despacho de la Comisi\u00f3n de Cultura.&lt;\/span&gt;&lt;span style=\u00bbline-height: 1.3em;\u00bb&gt;Tambi\u00e9n por iniciativa de la Diputada Martinez Barrios \u00a0fue reconocido el artista pl\u00e1stico Blas Castagna, profesor nacional de dibujo, pintor decorador y escultor. cabe mencionar, como una de sus obras m\u00e1s destacables, el altar de alpaca trabajado en la Iglesia de la Merced en nuestra Ciudad, considerando que la bas\u00edlica en cuesti\u00f3n es una de las construcciones m\u00e1s antiguas del casco hist\u00f3rico porte\u00f1o.&lt;\/span&gt;<\/p>\n<p>&lt;p&gt;En tanto, el dise\u00f1ador de vestuario cinematogr\u00e1fico, teatral y de televisi\u00f3n Horacio Previde, tambi\u00e9n fue reconocido a trav\u00e9s de una ley que tuvo tratamiento en la Comisi\u00f3n de Cultura, impulsada por la Diputada Lia Rueda (PRO). Conocido art\u00edsticamente con el seud\u00f3nimo de Horace Lannes, inici\u00f3 su trascendente carrera profesional en 1952, dise\u00f1ando el vestuario de Zully Moreno en \u00abLa mujer de las camelias\u00bb. Desde entonces y por m\u00e1s de 60 a\u00f1os ha contribuido con su excelso arte al desarrollo de nuestro cine y teatro. Adem\u00e1s, a lo largo de su carrera sus dise\u00f1os fueron lucidos por actrices y presentadoras de televisi\u00f3n, entre otras, como: Tita Merello, Mecha Ortiz, Libertad Lamarque, Blackie (Paloma Efron), Pinky, Mirtha Legrand, Susana Campos, Susana Rinaldi, Susana Gim\u00e9nez, Sabina Olmos, Juanita Mart\u00ednez, Graciela Borges, Irma C&amp;oa cute;rdoba, Soledad Silveyra y Mercedes Carreras e int\u00e9rpretes masculinos como Hugo del Carril, Osvaldo Miranda, Jairo, Alberto Olmedo, Duilio Marzio, Juan Carlos Altavista y Rodolfo Beb\u00e1n.<\/p>\n<p>&lt;p&gt;Dora Barrera, conocida por su nombre art\u00edstico de Dora Baret, tambi\u00e9n fue reconocida por el Cuerpo parlamentario. Es una destacada artista que tuvo su debut teatral en 1955 con \u201cLa llama eterna\u201d de Roberto T\u00e1lice y \u201cLa Tigra\u201d de Florencio S\u00e1nchez. Luego actu\u00f3 en \u201cLa invitada al castillo\u201d de Anouilh (1959), \u201cLos a\u00f1os del Bachillerato\u201d (1960). Perteneci\u00f3 unos a\u00f1os a la Comedia Nacional, haciendo \u201cLa escuela del esc\u00e1ndalo\u201d de Sheridan, \u201cLa novia de los forasteros\u201d de Pico, \u201cSaf\u00f3n\u201d y \u201cLos p\u00e1jaros\u201d de Masciangoli y \u201cEl caballero de Olmedo\u201d de Lope de Vega. Adem\u00e1s, en 1965 fund\u00f3 con su marido, Carlos Gandolfo, el primer caf\u00e9 teatral del pa\u00eds, denominado \u201cCaf\u00e9 Teatro Estudio\u201d. Tambi\u00e9n tiene una reconocida carrera televisiva y obtuvo durante su c arrera numerosos premios y distinciones. La iniciativa fue impulsada por la Diputada Lidia Saya (PRO).&lt;span style=\u00bbline-height: 1.3em;\u00bb&gt;La misma distinci\u00f3n en el \u00e1mbito de la cultura recibi\u00f3 la artista pl\u00e1stica Nora Iniesta, a trav\u00e9s de una iniciativa del Diputado Cristian Ritondo (PRO). Los fundamentos de la ley destacan que \u00abNora Iniesta es una artista argentina contempor\u00e1nea cuya tem\u00e1tica reside en la representaci\u00f3n pl\u00e1stica de una iconograf\u00eda ligada siempre a un solo lugar de pertenencia: la patria\u00bb. Tambi\u00e9n es autora del libro Evita, la dama de la esperanza, en el que se rese\u00f1a toda su obra tem\u00e1tica realizada en los \u00faltimos a\u00f1os.&lt;\/span&gt;<\/p>\n<p>&lt;p&gt;Otra de las personalidades aprobada por el Cuerpo parlamentario es la que distingue al cineasta y guionista Eliseo Subiela. \u00abEs uno de los directores de cine argentino, m\u00e1s reconocidos y premiados en el mundo entero. Es un realizador que ha transformado sustancialmente el cine nacional marcando un estilo \u00fanico a la hora de ubicar la c\u00e1mara. En su filmograf\u00eda, Subiela tiene la virtud de recrear universos m\u00e1gicos, po\u00e9ticos y surrealistas y al mismo tiempo, abordar de forma minuciosa los enigmas filos\u00f3ficos de la vida, el amor, la locura y la muerte\u00bb, destacan los fundamentos de la ley, de autor\u00eda del Diputado Jos\u00e9 Luis Acevedo (PRO). Adem\u00e1s, Subiela es autor del film icono del cine nacional y latinoamericano \u201cHombre mirando al sudeste\u201d, con un elenco integrado por actores del \u201cTeatro Municipal San Mart\u00edn\u201d de la ciudad de Buenos Aires, pel\u00edcul a de colosal belleza y dilemas metaf\u00edsicos y psicol\u00f3gicos.<\/p>\n<p>&lt;p&gt;Adem\u00e1s, fueron aprobadas sobre tablas como Personalidades Destacadas:<\/p>\n<p>&lt;p&gt;Jos\u00e9 Bragato, violonchelista, compositor y director de orquesta que recibi\u00f3 la distinci\u00f3n a trav\u00e9s de una propuesta presentada por la Diputada Lia Rueda (PRO). Entre los fundamentos se destaca que \u00abA mediados de la d\u00e9cada del 80 y a ra\u00edz del expreso pedido de Astor Piazzolla se convirti\u00f3 en su arreglador\u00bb. Adem\u00e1s, en el a\u00f1o 2000 recibi\u00f3 el premio a la trayectoria \u00a0como compositor y arreglador otorgado por SADAIC. Hoy tiene 97 a\u00f1os y es uno de los referentes de la cultura nacional popular para m\u00fasicos tanto en el exterior como en nuestro pa\u00eds.<\/p>\n<p>&lt;p&gt;Tom\u00e1s Maldonado, pintor, dise\u00f1ador industrial y te\u00f3rico del dise\u00f1o argentino. Es reconocido por su considerable influencia en el pensamiento y la pr\u00e1ctica del dise\u00f1o en la segunda mitad del siglo XX y es considerado como uno de los principales te\u00f3ricos del llamado enfoque cient\u00edfico del dise\u00f1o. Tambi\u00e9n fue miembro fundador del Movimiento de Arte Concreto y uno de los protagonistas de la renovaci\u00f3n pl\u00e1stica de la d\u00e9cada de los 40 en la Argentina. La ley que lo distingue como Personalidad Destacada de la Cultura fue impulsada por el Diputado Fernando de Andreis (PRO).<\/p>\n<p>&lt;p&gt;V\u00edctor Penchaszadeh, m\u00e9dico especializado en pediatr\u00eda, gen\u00e9tica m\u00e9dica, salud p\u00fablica y bio\u00e9tica fue reconocido en el \u00e1mbito de la Ciencia a trav\u00e9s de una iniciativa de los Diputados Juan Cabandi\u00e9 y Gabriela Alegre (FpV). \u00abEl Dr. Penchaszadeh fue uno de los pioneros en el uso de pruebas gen\u00e9ticas para recobrar identidades. Sus esfuerzos para ayudar a encontrar y recuperar a ni\u00f1os robados por la dictadura militar lo convirtieron en un activista de los Derechos Humanos\u00bb, destacan los fundamentos de la ley.<\/p>\n<p>&lt;p&gt;Hu\u00e9spedes de Honor de la Ciudad de Buenos Aires<\/p>\n<p>&lt;p&gt;Fue distinguido Hu\u00e9sped de Honor de la Ciudad Aut\u00f3noma de Buenos Aires el actor Willard Christopher Smith Jr., conocido como Will Smith, en ocasi\u00f3n de su visita con motivo de la realizaci\u00f3n del film Focus. La misma distinci\u00f3n alcanz\u00f3 al tenista serbio, Novak Djokovic, quien visitar\u00e1 nuestra Ciudad para participar en un partido exhibici\u00f3n junto a David Nalbandian y al tenista espa\u00f1ol Rafael Nadal, el pr\u00f3ximo 23 de noviembre. Las iniciativas fueron presentadas por la Diputada Lia Rueda (PRO).&lt;span style=\u00bbline-height: 1.3em;\u00bb&gt;Adem\u00e1s, fue reconocido el cantante Stevie Wonder, quien se presentar\u00e1 el 12 de diciembre en el estadio de V\u00e9lez S\u00e1rsfield. El proyecto de declaraci\u00f3n fue de la Diputada Carmen Polledo (PRO).&lt;\/span&gt;&lt;span style=\u00bbline-height: 1.3em;\u00bb&gt;En tanto, sobre tablas fue distinguido el Doctor Caligiuri, de nacionalidad Australiana, una eminencia en el \u00e1rea de las relaciones internacionales, profesor universitario, jurista internacional y diplom\u00e1tico que estar\u00e1 en la ciudad hasta el 13 de noviembre. Por su parte, el m\u00fasico y compositor Devendra Banhart, quien visitar\u00e1 la Argentina con motivo de realizar un show en la Ciudad Aut\u00f3noma de Buenos Aires el 20 de noviembre, tambi\u00e9n fue nombrado Hu\u00e9sped de Honor con la abstenci\u00f3n del bloque Frente para la Victoria y el Diputado Claudio Palmeyro (SP). El Diputado Jorge Garayalde (PRO) fue autor de los proyectos.&lt;\/span&gt;<\/p>\n<p>&lt;p&gt;La Legislatura tambi\u00e9n declar\u00f3 Hu\u00e9sped de Honor al Dr. Mohamed Karmali, quien visitar\u00e1 nuestra ciudad entre los d\u00edas 18 y 25 de noviembre pr\u00f3ximo, con motivo de su participaci\u00f3n en las Jornadas Metropolitanas sobre S\u00edndrome Ur\u00e9mico Hemol\u00edtico. La distinci\u00f3n fue propuesta por los Diputados Daniel Lipovetzky, Rogelio Frigerio y Jos\u00e9 Luis Acevedo (PRO).&lt;span style=\u00bbline-height: 1.3em;\u00bb&gt;Por su parte, el Diputado Fernando de Andreis (PRO) impuls\u00f3 la distinci\u00f3n del escritor, profesor, productor y director, John- Roger, quien estar\u00e1 en nuestra Ciudad entre los d\u00edas 16 y 19 de noviembre en el marco de la presentaci\u00f3n de la pel\u00edcula \u201cMystical Traveler\u201d que relata su vida y obra.&lt;\/span&gt;<\/p>\n<p>&lt;p&gt;Pesar por Juan Carlos Calabr\u00f3, Juan Manuel Tenuta y \u00abPaco\u00bb Cabrera<\/p>\n<p>&lt;p&gt;La Legislatura de la Ciudad Aut\u00f3noma de Buenos Aires manifest\u00f3 su profundo pesar por el fallecimiento del reconocido actor y humorista argentino Juan Carlos Calabr\u00f3, ocurrido el pasado 5 de noviembre. La iniciativa fue presentada por la Diputada Adriana Montes (BplU). Adem\u00e1s, por iniciativa de la Diputada Mar\u00eda Rachid (FpV) se declar\u00f3 el pesar por el fallecimiento del actor uruguayo Juan Manuel Tenuta, radicado en Argentina desde principios de su extensa carrera art\u00edstica en los primeros a\u00f1os de la d\u00e9cada de 1960.\u00a0&lt;span style=\u00bbline-height: 1.3em;\u00bb&gt;En el mismo sentido fue aprobada una declaraci\u00f3n de pesar por el fallecimiento de la Sra. Clelia Luro, viuda de Monse\u00f1or Jer\u00f3nimo Podest\u00e1. Su fe inquebrantable y su coherencia en la lucha por una Iglesia abierta y en contacto con la sociedad, la convirtieron en un verdadero ejemplo. La iniciativa fue presentada por la Diputada Gabriela Alegre (FpV).&lt;\/span&gt;<\/p>\n<p>&lt;p&gt;Tambi\u00e9n el cuerpo parlamentario expres\u00f3 su profundo pesar por el deceso del Maestro y Supervisor Francisco \u00abPaco\u00bb Cabrera, que se produjo el viernes 11 de octubre. Los fundamentos de la iniciativa de la Diputada Laura Garc\u00eda Tu\u00f1\u00f3n (BApT) destacan: \u00abCr\u00edtico, rebelde, sus clases fueron cuestionadas duramente durante la \u00faltima dictadura militar. Cabrera fue admirado y defendido por sus compa\u00f1eros siempre. Fue maestro de grado 16 a\u00f1os, 8 a\u00f1os vicedirector, 8 director y secretario t\u00e9cnico y luego supervisor. Un maestro de carrera \u00a0que seguramente seguir\u00e1 dando clases, en la memoria de quienes fueron sus amigos y sus colegas\u00bb.<\/p>\n<p>&lt;p&gt;Placas recordatorias<\/p>\n<p>&lt;p&gt;A trav\u00e9s de una iniciativa de la Diputada Susana Rinaldi (FPP) se aprob\u00f3 la colocaci\u00f3n de una placa en homenaje a V\u00edctor de Nark\u00e9, de destacada carrera internacional y uno de los baluartes del elenco del Teatro Col\u00f3n durante el periodo 1960-70. La placa ser\u00e1 emplazada en el emblem\u00e1tico teatro porte\u00f1o.&lt;span style=\u00bbline-height: 1.3em;\u00bb&gt;Adem\u00e1s se aprob\u00f3 la colocaci\u00f3n de una placa de denominaci\u00f3n en la plazoleta Luca Prodan, ubicada en el barrio de Palermo entre las \u00a0calles Fray Justo Santa Mar\u00eda de Oro, Uriarte, Costa Rica y El Salvador. Luca Prodan, m\u00fasico de origen italiano integr\u00f3 Sumo, \u00a0banda argentina de rock formada en 1981. Con el pasar de los a\u00f1os, el \u00e9xito de su trayectoria hizo que se convierta en uno de los grupos m\u00e1s influyentes del rock nacional. La iniciativa fue del Diputado Adri\u00e1n Camps (PSur).&lt;\/span&gt;<\/p>\n<p>&lt;p&gt;Tambi\u00e9n se aprob\u00f3 la colocaci\u00f3n de una placa de m\u00e1rmol en homenaje a Mario Abel Amaya en la plaza hom\u00f3nima sita \u00a0en las calles Constituci\u00f3n, Boedo y Columbres, a propuesta de los Diputados Rub\u00e9n Campos y Claudio Presman (UCR). En el mismo sentido se vot\u00f3 la colocaci\u00f3n de una placa recordatoria de bronce en la Parroquia San Vicente de Paul en conmemoraci\u00f3n al Centenario de la misma. Dieron impulso a la iniciativa los Diputados Cristian Ritondo y Roberto Quattromano (PRO).&lt;span style=\u00bbline-height: 1.3em;\u00bb&gt;Finalmente se aprob\u00f3 colocar una placa de m\u00e1rmol en homenaje a Parmenio Te\u00f3dulo Pi\u00f1ero en el Hall de entrada del Hospital que lleva su nombre, sito en la calle Varela 1301 del barrio de Flores. Pi\u00f1ero falleci\u00f3 el 18 de mayo de 1907 y en su testamento dej\u00f3 asentado que sus bienes se repartan entre la familia, sirvientes, empleados, amigos e instituciones de bien p\u00fablico. Entre sus donaciones filantr\u00f3picas se destacan: 50 mil pesos para el Patronato de la Infancia con el objetivo de construir un pabell\u00f3n para cobijar a chicos de la calle y los m\u00e1s de dos millones de pesos dedicados a un hospital que llevara su nombre. La iniciativa fue del Diputado Daniel Amoroso (CP). &lt;\/span&gt;<\/p>\n","protected":false},"excerpt":{"rendered":"<p>Como compositor desarroll\u00f3 una vasta labor destac\u00e1ndose sus \u00f3peras La voz del silencio (Teatro Col\u00f3n, 1969), Escorial, sobre el drama de Ghelderode (Teatro Col\u00f3n, 1989) y Guayaquil (Teatro Col\u00f3n, 1993). Es, adem\u00e1s, autor de las obras sinf\u00f3nicas Eleg\u00eda, La eternidad y el viento, R\u00e9quiem de los \u00e1ngeles, Resurrexit, Cantos de Amor para soprano y orquesta, [&hellip;]<\/p>\n","protected":false},"author":2,"featured_media":18915,"comment_status":"open","ping_status":"open","sticky":false,"template":"","format":"standard","meta":{"_et_pb_use_builder":"","_et_pb_old_content":"","_et_gb_content_width":"","footnotes":""},"categories":[11,44],"tags":[],"class_list":["post-19022","post","type-post","status-publish","format-standard","has-post-thumbnail","hentry","category-ciudad","category-funcionarios-de-la-caba"],"_links":{"self":[{"href":"https:\/\/vocesdebaires.com.ar\/index.php\/wp-json\/wp\/v2\/posts\/19022"}],"collection":[{"href":"https:\/\/vocesdebaires.com.ar\/index.php\/wp-json\/wp\/v2\/posts"}],"about":[{"href":"https:\/\/vocesdebaires.com.ar\/index.php\/wp-json\/wp\/v2\/types\/post"}],"author":[{"embeddable":true,"href":"https:\/\/vocesdebaires.com.ar\/index.php\/wp-json\/wp\/v2\/users\/2"}],"replies":[{"embeddable":true,"href":"https:\/\/vocesdebaires.com.ar\/index.php\/wp-json\/wp\/v2\/comments?post=19022"}],"version-history":[{"count":0,"href":"https:\/\/vocesdebaires.com.ar\/index.php\/wp-json\/wp\/v2\/posts\/19022\/revisions"}],"wp:featuredmedia":[{"embeddable":true,"href":"https:\/\/vocesdebaires.com.ar\/index.php\/wp-json\/wp\/v2\/media\/18915"}],"wp:attachment":[{"href":"https:\/\/vocesdebaires.com.ar\/index.php\/wp-json\/wp\/v2\/media?parent=19022"}],"wp:term":[{"taxonomy":"category","embeddable":true,"href":"https:\/\/vocesdebaires.com.ar\/index.php\/wp-json\/wp\/v2\/categories?post=19022"},{"taxonomy":"post_tag","embeddable":true,"href":"https:\/\/vocesdebaires.com.ar\/index.php\/wp-json\/wp\/v2\/tags?post=19022"}],"curies":[{"name":"wp","href":"https:\/\/api.w.org\/{rel}","templated":true}]}}