{"id":19025,"date":"2013-11-07T19:20:10","date_gmt":"2013-11-07T22:20:10","guid":{"rendered":"http:\/\/vocesdebaires.com.ar\/wordpress\/index.php\/2013\/11\/07\/club-social-recibe-el-uso-gratuito-de-un-predio-2\/"},"modified":"2013-11-07T19:20:10","modified_gmt":"2013-11-07T22:20:10","slug":"club-social-recibe-el-uso-gratuito-de-un-predio-2","status":"publish","type":"post","link":"https:\/\/vocesdebaires.com.ar\/index.php\/2013\/11\/07\/club-social-recibe-el-uso-gratuito-de-un-predio-2\/","title":{"rendered":"Club social recibe el uso gratuito de un predio"},"content":{"rendered":"<p>Los Legisladores aprobaron en forma definitiva una ley que requer\u00eda una mayor\u00eda especial de 40 votos y que hab\u00eda obtenido despacho a favor de la Comisi\u00f3n de Presupuesto para otorgar al Club Social y Deportivo Franja de Oro el permiso de uso a t\u00edtulo precario y gratuito del predio sito en Av. Amancio Alcorta 3901, entre la calle Romero y Av. Saenz, del barrio de Nueva Pompeya. El expediente hab\u00eda sido iniciado por el Diputado An\u00edbal Ibarra (FPP).&lt;\/span&gt;&lt;span style=\u00bbline-height: 1.3em;\u00bb&gt;Se estableci\u00f3 que el predio debe ser destinado por la entidad beneficiaria a la pr\u00e1ctica de actividades deportivas, sociales y culturales, conforme lo fijan sus estatutos, ateni\u00e9ndose en su uso a lo prescrito por la presente y a lo regulado por esos estatutos en relaci\u00f3n a su condici\u00f3n de asociaci\u00f3n. Adem\u00e1s, que la entidad beneficiaria deber\u00e1 mantener en perfecto estado de conservaci\u00f3n todas las instalaciones y construcciones que se le entregan, y no podr\u00e1 ceder ni alquilar todo o parte del inmueble. La entidad beneficiaria a su vez otorgar\u00e1 a las distintas escuelas p\u00fablicas de gesti\u00f3n estatal de la zona, de todos los niveles y especialidades, el uso gratuito de las instalaciones de dicho predio en los horarios escolares habituales, para que los alumnos y alumnas de las mismas desarrollen sus actividades de educaci\u00f3n f\u00edsica.&lt;\/span&gt;&lt;span style=\u00bbline-height: 1.3em;\u00bb&gt;El 20 de diciembre de 2012 se aprob\u00f3 la ley inicial para el otorgamiento del permiso de uso por 20 a\u00f1os, y luego fue analizado el proyecto en una Audiencia P\u00fablica el 17 de abril pasado sin que se presentaran objeciones al proyecto. Este mediod\u00eda en el recinto expresaron el agradecimiento a sus pares por el consenso logrado en torno a este asunto, los Diputados An\u00edbal Ibarra (FPP) y Cristian Ritondo (PRO).&lt;\/span&gt;<\/p>\n<p>&lt;p&gt;Cambio de nombre a un espacio verde<\/p>\n<p>&lt;p&gt;El Cuerpo Parlamentario aprob\u00f3 por 54 votos positivos la Ley que sustituye el nombre de la plaza \u00abBolivia\u00bb, ubicada entre la Avenida del Libertador y la calle Olleros, por el de \u00abEstado Plurinacional de Bolivia\u00bb, debido a una iniciativa del Diputado Julio Raffo (PSur). Los fundamentos se basan en que \u00abes necesario que la Ciudad Aut\u00f3noma de Buenos Aires acompa\u00f1e la voluntad del pueblo boliviano, y as\u00ed como mediante ley N\u00ba 4442 sancionada en diciembre del 2012 se ha cambiado la denominaci\u00f3n de la calle Bolivia de esta Ciudad, entendemos que tambi\u00e9n se debe hacer lo mismo con la nueva denominaci\u00f3n de \u00abEstado Plurinacional de Bolivia\u00bb.&lt;span style=\u00bbline-height: 1.3em;\u00bb&gt;La Constituci\u00f3n Pol\u00edtica del Estado de Bolivia, promulgada el 7 de febrero de 2009, determina que Bolivia se constituye en un Estado Unitario Social de Derecho Plurinacional Comunitario, libre, independiente, soberano, democr\u00e1tico, intercultural, descentralizado y con autonom\u00edas, fundado en la pluralidad y pluralismo pol\u00edtico, econ\u00f3mico, jur\u00eddico, cultural y ling\u00fc\u00edstico, dentro del proceso integrador del pa\u00eds. Esto significa un cambio del Estado colonial y neoliberal a un Estado Unitario Plurinacional Descentralizado y con Autonom\u00edas. Sobre la base de esa nueva Constituci\u00f3n Pol\u00edtica del Estado, el presidente Evo Morales promulg\u00f3 el Decreto Supremo 48 que ordena la nueva denominaci\u00f3n oficial del pa\u00eds, y desde marzo del 2009, la rep\u00fablica de Bolivia ha pasado a llamarse \u00abEstado Plurinacional de Bolivia\u00bb.&lt;\/span&gt;<\/p>\n","protected":false},"excerpt":{"rendered":"<p>Los Legisladores aprobaron en forma definitiva una ley que requer\u00eda una mayor\u00eda especial de 40 votos y que hab\u00eda obtenido despacho a favor de la Comisi\u00f3n de Presupuesto para otorgar al Club Social y Deportivo Franja de Oro el permiso de uso a t\u00edtulo precario y gratuito del predio sito en Av. Amancio Alcorta 3901, [&hellip;]<\/p>\n","protected":false},"author":2,"featured_media":18921,"comment_status":"open","ping_status":"open","sticky":false,"template":"","format":"standard","meta":{"_et_pb_use_builder":"","_et_pb_old_content":"","_et_gb_content_width":"","footnotes":""},"categories":[11,44],"tags":[],"class_list":["post-19025","post","type-post","status-publish","format-standard","has-post-thumbnail","hentry","category-ciudad","category-funcionarios-de-la-caba"],"_links":{"self":[{"href":"https:\/\/vocesdebaires.com.ar\/index.php\/wp-json\/wp\/v2\/posts\/19025"}],"collection":[{"href":"https:\/\/vocesdebaires.com.ar\/index.php\/wp-json\/wp\/v2\/posts"}],"about":[{"href":"https:\/\/vocesdebaires.com.ar\/index.php\/wp-json\/wp\/v2\/types\/post"}],"author":[{"embeddable":true,"href":"https:\/\/vocesdebaires.com.ar\/index.php\/wp-json\/wp\/v2\/users\/2"}],"replies":[{"embeddable":true,"href":"https:\/\/vocesdebaires.com.ar\/index.php\/wp-json\/wp\/v2\/comments?post=19025"}],"version-history":[{"count":0,"href":"https:\/\/vocesdebaires.com.ar\/index.php\/wp-json\/wp\/v2\/posts\/19025\/revisions"}],"wp:featuredmedia":[{"embeddable":true,"href":"https:\/\/vocesdebaires.com.ar\/index.php\/wp-json\/wp\/v2\/media\/18921"}],"wp:attachment":[{"href":"https:\/\/vocesdebaires.com.ar\/index.php\/wp-json\/wp\/v2\/media?parent=19025"}],"wp:term":[{"taxonomy":"category","embeddable":true,"href":"https:\/\/vocesdebaires.com.ar\/index.php\/wp-json\/wp\/v2\/categories?post=19025"},{"taxonomy":"post_tag","embeddable":true,"href":"https:\/\/vocesdebaires.com.ar\/index.php\/wp-json\/wp\/v2\/tags?post=19025"}],"curies":[{"name":"wp","href":"https:\/\/api.w.org\/{rel}","templated":true}]}}