{"id":1903,"date":"2020-06-11T17:23:10","date_gmt":"2020-06-11T20:23:10","guid":{"rendered":"http:\/\/vocesdebaires.com.ar\/wordpress\/index.php\/2020\/06\/11\/ciudad-en-marcha-el-operativo-frio\/"},"modified":"2020-06-11T17:23:10","modified_gmt":"2020-06-11T20:23:10","slug":"ciudad-en-marcha-el-operativo-frio","status":"publish","type":"post","link":"https:\/\/vocesdebaires.com.ar\/index.php\/2020\/06\/11\/ciudad-en-marcha-el-operativo-frio\/","title":{"rendered":"Ciudad: En marcha el operativo fr\u00edo"},"content":{"rendered":"<p>A ra\u00edz de la pandemia del coronavirus el ministerio de Desarrollo Humano y H\u00e1bitat de la Ciudad implement\u00f3, a partir de marzo, acciones espec\u00edficas para el abordaje de las personas en situaci\u00f3n de calle. En junio, con el objetivo de darle continuidad a estas medidas y de reforzar la asistencia por la inclemencia del clima invernal, se puso en marcha el Operativo Fr\u00edo. La finalidad es que ninguna persona permanezca en situaci\u00f3n de calle y, al mismo tiempo, poder asegurar ropa de abrigo, alimentos calientes, elementos de higiene, a quien lo necesite.<\/p>\n<p>Las principales medidas adoptadas son:<\/p>\n<p>Instalaci\u00f3n del nuevo Centro de Inclusi\u00f3n Social \u201cRoca III. En el marco del operativo, abrimos un nuevo Centro, el \u201cRoca III\u201d, que incluir\u00e1 un sector para que todas las personas que ingresen a la red de paradores de la Ciudad puedan realizar un aislamiento preventivo durante los primeros 14 d\u00edas de ingreso. El \u201cRoca III\u201d tendr\u00e1 espacios diferenciados para que hombres, mujeres y familias puedan aislarse de manera preventiva. Adem\u00e1s, va a contar con 100 plazas disponibles fuera del aislamiento.<\/p>\n<p>Una vez que las personas cumplen con el tiempo de distanciamiento, son derivados a cualquiera de los 40 Centros habilitados en la Ciudad con vacantes. Esta operatoria est\u00e1 respaldada por un protocolo espec\u00edfico de acci\u00f3n para los ingresos, traslados y admisiones, para cuidar la salud de todos, en todos los aspectos. La Ciudad hab\u00eda realizado un esfuerzo sin precedentes al inicio de la cuarentena, abriendo 8 nuevos Centros de Inclusi\u00f3n en polideportivos incorporando 900 camas al sistema. El \u201cRoca III\u201d, junto a los Centros especiales para adultos mayores totalizan hoy 1.280 nuevas plazas, r\u00e9cord para la Ciudad en un operativo de estas caracter\u00edsticas.<\/p>\n<p>El abordaje del Ministerio de Desarrollo Humano sobre las personas que se encuentran en situaci\u00f3n de calle es continuo e integral. Lo hace a trav\u00e9s del programa \u201cBuenos Aires Presente\u201d (BAP), compuesto por asistentes sociales y psic\u00f3logos que se encargan de acercarse a cada persona en situaci\u00f3n de calle para ofrecerles ingresar a un Centro de Inclusi\u00f3n Social. De esta manera, el trabajo implica asistir y acompa\u00f1ar a cada persona para que pueda rearmar un proyecto de vida sostenible en el tiempo.<\/p>\n<p>A partir del distanciamiento social, preventivo y obligatorio que comenz\u00f3 el 20 de marzo, los Centros destinaron un espacio exclusivo para casos sospechosos de coronavirus o quienes hayan sido identificados como casos estrechos. Adem\u00e1s, se intensificaron las medidas de prevenci\u00f3n, desinfecci\u00f3n y limpieza de los espacios y se reforz\u00f3 la entrega de kits de higiene para quienes residen en cada uno de los Centros. La \u00faltima semana de mayo, adem\u00e1s, abri\u00f3 sus puertas el Centro Costa Salguero, con 700 plazas disponibles, destinado a derivar a aquellas personas positivas de COVID-19, con s\u00edntomas leves. Previamente, los casos positivos hab\u00edan sido destinados a los hoteles que la Ciudad destin\u00f3 al manejo de la pandemia para casos leves.<\/p>\n<p>Nuevos Centros de inclusi\u00f3n en la Ciudad<br \/>Parque Chacabuco (F) \/ 70 plazas \/ Comuna 7<\/p>\n<p>Parque Chacabuco (F) II \/ 100 plazas \/ Comuna 7<\/p>\n<p>Parque Sarmiento (H) \/ 150 plazas \/ Comuna 12<\/p>\n<p>Parque Avellaneda (F) \/ 130 plazas \/ Comuna 9<\/p>\n<p>Polideportivo Mart\u00edn Fierro (H) \/ 100 plazas \/ Comuna 3<\/p>\n<p>Polideportivo Pereyra \/ 40 plazas \/ Comuna 4<\/p>\n<p>Parque Roca I \/ 148 plazas \/ Comuna 8<\/p>\n<p>Parque Roca II \/ 150 plazas\/ Comuna 8<\/p>\n<p>Uspallata 1 y 2 (PM) \/ 130 plazas \/ Comuna 5<\/p>\n<p>Venialbo (PM) \/ 12 plazas \/ Comuna 5<\/p>\n<p>Roca III (Centro aislamiento COVID-19) \/ 250 plazas \/ Comuna 8<\/p>\n<p>TOTAL PARADORES + PM + Roca III: 1.280 plazas<\/p>\n<p>Datos<br \/>1.202 personas abocadas al abordaje de personas en situaci\u00f3n de calle durante el Operativo Fr\u00edo<\/p>\n<p>Atenci\u00f3n telef\u00f3nica l\u00ednea 108: 99 personas<\/p>\n<p>BAP en calle: 341 personas<\/p>\n<p>Centros de Inclusi\u00f3n: 320 personas<\/p>\n<p>Voluntarios de otras dependencias del Ministerio o del GCBA: 157 personas<\/p>\n<p>Conevnios y voluntariados Sociedad Civil \/ ONGs: 285<\/p>\n","protected":false},"excerpt":{"rendered":"<p>A ra\u00edz de la pandemia del coronavirus el ministerio de Desarrollo Humano y H\u00e1bitat de la Ciudad implement\u00f3, a partir de marzo, acciones espec\u00edficas para el abordaje de las personas en situaci\u00f3n de calle. En junio, con el objetivo de darle continuidad a estas medidas y de reforzar la asistencia por la inclemencia del clima [&hellip;]<\/p>\n","protected":false},"author":1,"featured_media":1904,"comment_status":"open","ping_status":"open","sticky":false,"template":"","format":"standard","meta":{"_et_pb_use_builder":"","_et_pb_old_content":"","_et_gb_content_width":"","footnotes":""},"categories":[11,32],"tags":[],"class_list":["post-1903","post","type-post","status-publish","format-standard","has-post-thumbnail","hentry","category-ciudad","category-comunas"],"_links":{"self":[{"href":"https:\/\/vocesdebaires.com.ar\/index.php\/wp-json\/wp\/v2\/posts\/1903"}],"collection":[{"href":"https:\/\/vocesdebaires.com.ar\/index.php\/wp-json\/wp\/v2\/posts"}],"about":[{"href":"https:\/\/vocesdebaires.com.ar\/index.php\/wp-json\/wp\/v2\/types\/post"}],"author":[{"embeddable":true,"href":"https:\/\/vocesdebaires.com.ar\/index.php\/wp-json\/wp\/v2\/users\/1"}],"replies":[{"embeddable":true,"href":"https:\/\/vocesdebaires.com.ar\/index.php\/wp-json\/wp\/v2\/comments?post=1903"}],"version-history":[{"count":0,"href":"https:\/\/vocesdebaires.com.ar\/index.php\/wp-json\/wp\/v2\/posts\/1903\/revisions"}],"wp:featuredmedia":[{"embeddable":true,"href":"https:\/\/vocesdebaires.com.ar\/index.php\/wp-json\/wp\/v2\/media\/1904"}],"wp:attachment":[{"href":"https:\/\/vocesdebaires.com.ar\/index.php\/wp-json\/wp\/v2\/media?parent=1903"}],"wp:term":[{"taxonomy":"category","embeddable":true,"href":"https:\/\/vocesdebaires.com.ar\/index.php\/wp-json\/wp\/v2\/categories?post=1903"},{"taxonomy":"post_tag","embeddable":true,"href":"https:\/\/vocesdebaires.com.ar\/index.php\/wp-json\/wp\/v2\/tags?post=1903"}],"curies":[{"name":"wp","href":"https:\/\/api.w.org\/{rel}","templated":true}]}}