{"id":19033,"date":"2013-11-08T15:28:44","date_gmt":"2013-11-08T18:28:44","guid":{"rendered":"http:\/\/vocesdebaires.com.ar\/wordpress\/index.php\/2013\/11\/08\/presupuesto-ciudad-redujo-un-35-por-ciento-los-residuos-2\/"},"modified":"2013-11-08T15:28:44","modified_gmt":"2013-11-08T18:28:44","slug":"presupuesto-ciudad-redujo-un-35-por-ciento-los-residuos-2","status":"publish","type":"post","link":"https:\/\/vocesdebaires.com.ar\/index.php\/2013\/11\/08\/presupuesto-ciudad-redujo-un-35-por-ciento-los-residuos-2\/","title":{"rendered":"Presupuesto: Ciudad redujo un 35 por ciento los residuos"},"content":{"rendered":"<p>&lt;p style=\u00bbpadding: 0px; margin: 0px;\u00bb&gt;&lt;span style=\u00bbline-height: 1.3em; font-family: Verdana, Arial, Helvetica, sans-serif; color: #000000;\u00bb&gt;&lt;span style=\u00bbfont-size: 11px; line-height: normal;\u00bb&gt;En el marco de las reuniones que los funcionarios y titulares de organismos del Gobierno porte\u00f1o est\u00e1n teniendo con los Diputados para analizar el proyecto de Presupuesto 2014, ayer \u00a0en el sal\u00f3n Montevideo de la Legislatura Porte\u00f1a, se present\u00f3 el Ministro de Ambiente y Espacio P\u00fablico, Diego Santilli. Acompa\u00f1ado de su gabinete, explic\u00f3 las obras y acciones que se llevaron a cabo durante 2013 y dio a conocer la proyecci\u00f3n de gastos programados para el \u00e1rea calculados en $7992 millones, seg\u00fan la estimaci\u00f3n incluida en el expediente remitido por el Ejecutivo. &lt;\/span&gt;&lt;\/span&gt;&lt;span style=\u00bbfont-size: 11px; line-height: normal; color: #000000; font-family: Verdana, Arial, Helvetica, sans-serif;\u00bb&gt; &lt;\/span&gt;<\/p>\n<p>&lt;p id=\u00bbyui_3_13_0_1_1383918677255_10256&#8243; style=\u00bbpadding: 0px; margin: 0px;\u00bb&gt;&lt;span style=\u00bbfont-family: Verdana, Arial, Helvetica, sans-serif; color: #000000;\u00bb&gt;&lt;span style=\u00bbfont-size: 11px; line-height: normal;\u00bb&gt;\u201cHemos logrado reducir en un 35 por ciento la cantidad de residuos que la Ciudad env\u00eda a relleno sanitario en los primeros ocho meses de este a\u00f1o en relaci\u00f3n a igual per\u00edodo del a\u00f1o pasado. A esta cifra llegamos gracias a medidas de fondo como la inauguraci\u00f3n de la planta de tratamiento Norte III, con tecnolog\u00eda de punta, y la puesta en funcionamiento parcial de la planta de tratamiento de residuos \u00e1ridos\u201d, consider\u00f3 Santilli como lo m\u00e1s destacado del corriente a\u00f1o.&lt;\/span&gt;&lt;\/span&gt;<\/p>\n<p>&lt;p id=\u00bbyui_3_13_0_1_1383918677255_10256&#8243; style=\u00bbpadding: 0px; margin: 0px;\u00bb&gt;&lt;span style=\u00bbfont-family: Verdana, Arial, Helvetica, sans-serif; color: #000000;\u00bb&gt;&lt;span style=\u00bbfont-size: 11px; line-height: normal;\u00bb&gt; &lt;\/span&gt;&lt;\/span&gt;<\/p>\n<p>&lt;p id=\u00bbyui_3_13_0_1_1383918677255_10256&#8243; style=\u00bbpadding: 0px; margin: 0px;\u00bb&gt;&lt;span style=\u00bbfont-family: Verdana, Arial, Helvetica, sans-serif; color: #000000;\u00bb&gt;&lt;span style=\u00bbfont-size: 11px; line-height: normal;\u00bb&gt;\u201cAsumimos un compromiso con la Provincia de Buenos Aires y lo cumplimos con creces. La ciudad enterr\u00f3 2,1 millones menos de kilogramos de basura por d\u00eda. Tenemos como meta cumplir con la Ley Basura Cero y el a\u00f1o que viene se continuar\u00e1 profundizando el cambio con la inauguraci\u00f3n de una planta de tratamiento de residuos org\u00e1nicos\u201d, a\u00f1adi\u00f3. &lt;\/span&gt;&lt;\/span&gt;<\/p>\n<p>&lt;p id=\u00bbyui_3_13_0_1_1383918677255_10256&#8243; style=\u00bbpadding: 0px; margin: 0px;\u00bb&gt;&lt;span style=\u00bbfont-family: Verdana, Arial, Helvetica, sans-serif; color: #000000;\u00bb&gt;&lt;span style=\u00bbfont-size: 11px; line-height: normal;\u00bb&gt;Tambi\u00e9n destac\u00f3 en este sentido, que se va a \u00abrequerir de un esfuerzo colectivo sostenido en el tiempo para cambiar el paradigma\u00bb, y continu\u00f3: \u00abdejamos sentadas las bases del cambio con el inicio de la contenerizaci\u00f3n, la incipiente separaci\u00f3n de residuos en origen, la formalizaci\u00f3n de los recuperadores urbanos y la construcci\u00f3n de los centros verdes\u00bb.&lt;\/span&gt;&lt;\/span&gt;<\/p>\n<p>&lt;p id=\u00bbyui_3_13_0_1_1383918677255_10256&#8243; style=\u00bbpadding: 0px; margin: 0px;\u00bb&gt;&lt;span style=\u00bbfont-family: Verdana, Arial, Helvetica, sans-serif; color: #000000;\u00bb&gt;&lt;span style=\u00bbfont-size: 11px; line-height: normal;\u00bb&gt;Santilli, quien a partir del 10 de diciembre asumir\u00e1 como senador nacional, tambi\u00e9n destac\u00f3 la \u201crecuperaci\u00f3n integral de parques muy importantes de la Ciudad como el Centenario, Rivadavia, Lezama, Tres de Febrero, Indoamericano y la creaci\u00f3n del Parque Costanera\u201d a lo que se suma la \u00abtransferencia del manejo del arbolado a cada Comuna con su respectivo presupuesto incluyendo el correspondiente plan maestro de \u00e1rboles\u00bb. Tambi\u00e9n recalc\u00f3 la participaci\u00f3n de su \u00e1rea en la obra conjunta del Metrobus en la 9 de julio y en el tramo Sur. A su vez, Santilli record\u00f3 los trabajos de su Ministerio para el Plan Microcentro, en especial la renovaci\u00f3n total de la peatonal Florida.&lt;\/span&gt;&lt;\/span&gt;<\/p>\n<p>&lt;p id=\u00bbyui_3_13_0_1_1383918677255_10256&#8243; style=\u00bbpadding: 0px; margin: 0px;\u00bb&gt;&lt;span style=\u00bbfont-family: Verdana, Arial, Helvetica, sans-serif; color: #000000;\u00bb&gt;&lt;span style=\u00bbfont-size: 11px; line-height: normal;\u00bb&gt;En relaci\u00f3n al a\u00f1o pr\u00f3ximo el funcionario afirm\u00f3 que el Ministerio continuar\u00e1 trabajando en tres ejes fundamentales ya desarrollados en su gesti\u00f3n: mantenimiento y uso del espacio p\u00fablico; higiene urbana y gesti\u00f3n de residuos; adem\u00e1s de cuidado del medio ambiente. \u00a0Consider\u00f3 que \u00abel tratamiento de los residuos s\u00f3lidos urbanos, el uso de la energ\u00eda, el transporte, los cursos de agua y las obras hidr\u00e1ulicas, necesitan del trabajo interjurisdiccional\u00bb. &lt;\/span&gt;&lt;\/span&gt;<\/p>\n<p>&lt;p id=\u00bbyui_3_13_0_1_1383918677255_10256&#8243; style=\u00bbpadding: 0px; margin: 0px;\u00bb&gt;&lt;span style=\u00bbfont-family: Verdana, Arial, Helvetica, sans-serif; color: #000000;\u00bb&gt;&lt;span style=\u00bbfont-size: 11px; line-height: normal;\u00bb&gt; &lt;\/span&gt;&lt;\/span&gt;<\/p>\n<p>&lt;p id=\u00bbyui_3_13_0_1_1383918677255_10256&#8243; style=\u00bbpadding: 0px; margin: 0px;\u00bb&gt;&lt;span style=\u00bbfont-family: Verdana, Arial, Helvetica, sans-serif; color: #000000;\u00bb&gt;&lt;span style=\u00bbfont-size: 11px; line-height: normal;\u00bb&gt;Por \u00faltimo se\u00f1al\u00f3 que \u201cse tomaron muchas medidas en favor de la Ciudad Verde como la colocaci\u00f3n de m\u00e1s de 10 mil luminarias de LED, que en un futuro ser\u00e1n 90 mil o el avance de la instalaci\u00f3n de contenedores que para fin de este a\u00f1o cubrir\u00e1n un 78 por ciento de Buenos Aires\u201d.&lt;\/span&gt;&lt;\/span&gt;<\/p>\n<p>&lt;p id=\u00bbyui_3_13_0_1_1383918677255_10256&#8243; style=\u00bbpadding: 0px; margin: 0px;\u00bb&gt;&lt;span style=\u00bbfont-family: Verdana, Arial, Helvetica, sans-serif; color: #000000;\u00bb&gt;&lt;span style=\u00bbfont-size: 11px; line-height: normal;\u00bb&gt;La reuni\u00f3n comenz\u00f3 a las 16:10 encabezada por el presidente de la comisi\u00f3n de Presupuesto, Diputado Rogelio Frigerio (PRO) y concluy\u00f3 a las 19:50. Participaron los y las Diputados\/as Juan Pablo Arenaza (BpU), \u00a0Fernando de Andreis, Bruno Screnci Silva, Carmen Polledo, L\u00eda Rueda, Gabriela Seijo, Oscar Zago, Marta Varela, Daniel Lipovetzky, Raquel Herrero y Karina Spalla (PRO), \u00a0Roc\u00edo S\u00e1nchez And\u00eda (CC),Alejandro Amor, Gabriela Alegre y Mateo Romeo (FpV), Claudia Neira (FpV), An\u00edbal Ibarra (FPP), Adri\u00e1n Camps y Pablo Bergel (PSur).&lt;\/span&gt;&lt;\/span&gt;<\/p>\n<p>&lt;p id=\u00bbyui_3_13_0_1_1383918677255_10256&#8243; style=\u00bbpadding: 0px; margin: 0px;\u00bb&gt;&lt;span style=\u00bbfont-family: Verdana, Arial, Helvetica, sans-serif; color: #000000;\u00bb&gt;&lt;span style=\u00bbfont-size: 11px; line-height: normal;\u00bb&gt;Preguntas de los Diputados&lt;\/span&gt;&lt;\/span&gt;<\/p>\n<p>&lt;p id=\u00bbyui_3_13_0_1_1383918677255_10256&#8243; style=\u00bbpadding: 0px; margin: 0px;\u00bb&gt;&lt;span style=\u00bbfont-family: Verdana, Arial, Helvetica, sans-serif; color: #000000;\u00bb&gt;&lt;span style=\u00bbfont-size: 11px; line-height: normal;\u00bb&gt;El Diputado Camps consult\u00f3 al Ministro acerca de la posibilidad de abordar \u00abla problem\u00e1tica de vandalismo y de inseguridad que hay en la zona de la Costanera Norte, reclamo presentado por los estudiantes de la UBA que asisten a la ciudad universitaria\u00bb. La Diputada S\u00e1nchez And\u00eda \u00a0pregunt\u00f3 \u00abpor qu\u00e9 el Gobierno decidi\u00f3 retener 40 espacios verdes que no fueron transferidos a las Comunas\u00bb y \u00aba qu\u00e9 obras ser\u00e1n asignados siete millones de pesos previstos para la ACUMAR\u00bb. El Diputado Ibarra quiso saber qu\u00e9 hizo el \u00e1rea en cuanto a la legalidad \u00abrespecto de un cartel gigante ubicado en el frente del shopping Alto Palermo\u00bb, cuesti\u00f3n que ha venido planteando desde 2010, adem\u00e1s felicit\u00f3 al Ministro por \u00abel alt\u00edsimo nivel de ejecuci\u00f3n presup uestaria\u00bb. La Diputada Alegre pregunt\u00f3 acerca de los traspasos de competencias de luminarias y asfalto a las Comunas, tambi\u00e9n acerca de los horarios de apertura de los parques. &lt;\/span&gt;&lt;\/span&gt;<\/p>\n<p>&lt;p id=\u00bbyui_3_13_0_1_1383918677255_10256&#8243; style=\u00bbpadding: 0px; margin: 0px;\u00bb&gt;&lt;span style=\u00bbfont-family: Verdana, Arial, Helvetica, sans-serif; color: #000000;\u00bb&gt;&lt;span style=\u00bbfont-size: 11px; line-height: normal;\u00bb&gt;&lt;\/span&gt;&lt;\/span&gt;<\/p>\n<p>&lt;p id=\u00bbyui_3_13_0_1_1383918677255_10256&#8243; style=\u00bbpadding: 0px; margin: 0px;\u00bb&gt;&lt;span style=\u00bbfont-family: Verdana, Arial, Helvetica, sans-serif; color: #000000;\u00bb&gt;&lt;span style=\u00bbfont-size: 11px; line-height: normal;\u00bb&gt;El Ministro respondi\u00f3 las distintas consultas al sostener: \u00abEsperamos un plan de manejo que est\u00e1 preparando la UBA para la Reserva Costanera Norte recientemente creada, y con \u00e9ste vamos a empezar las obras correspondientes y respecto de la suguridad, s\u00ed algo tenemos que hacer\u00bb. \u00abLos 40 espacios verdes que no fueron transferidos se los reserva el Ejecutivo debido a sus problem\u00e1ticas diferenciadas particulares como la Plaza de Mayo, el parque 3 de Febrero, entre otros\u00bb. \u00abLos siete millones de pesos asignados al Ministerio para ser aplicados a la tareas de la ACUMAR, se aplicar\u00e1n a obras del camino de zirga y de desarrollo urbano\u00bb. \u00abEl cartel del shopping Alto Palermo fue habilitado por una resoluci\u00f3n de 2007\u00bb. \u00abRespecto de las luminarias quedar\u00e1 unificada la red por decisi\u00f3n del Gobierno y no ser\u00e1 transferida el a\u00f1o que viene a las Comunas y en el caso del asfalto tampoco\u00bb. \u00abRespecto de las plazas estoy de acuerdo en que en \u00e9pocas de mayor luz se cierren m\u00e1s tarde\u00bb.&lt;\/span&gt;&lt;\/span&gt;<\/p>\n<p>&lt;p id=\u00bbyui_3_13_0_1_1383918677255_10256&#8243; style=\u00bbpadding: 0px; margin: 0px;\u00bb&gt;&lt;span style=\u00bbfont-family: Verdana, Arial, Helvetica, sans-serif; color: #000000;\u00bb&gt;&lt;span style=\u00bbfont-size: 11px; line-height: normal;\u00bb&gt;Pr\u00f3ximas reuniones&lt;\/span&gt;&lt;\/span&gt;<\/p>\n<p>&lt;p id=\u00bbyui_3_13_0_1_1383918677255_10256&#8243; style=\u00bbpadding: 0px; margin: 0px;\u00bb&gt;\u00a0<\/p>\n","protected":false},"excerpt":{"rendered":"<p>&lt;p style=\u00bbpadding: 0px; margin: 0px;\u00bb&gt;&lt;span style=\u00bbline-height: 1.3em; font-family: Verdana, Arial, Helvetica, sans-serif; color: #000000;\u00bb&gt;&lt;span style=\u00bbfont-size: 11px; line-height: normal;\u00bb&gt;En el marco de las reuniones que los funcionarios y titulares de organismos del Gobierno porte\u00f1o est\u00e1n teniendo con los Diputados para analizar el proyecto de Presupuesto 2014, ayer \u00a0en el sal\u00f3n Montevideo de la Legislatura Porte\u00f1a, se [&hellip;]<\/p>\n","protected":false},"author":2,"featured_media":18937,"comment_status":"open","ping_status":"open","sticky":false,"template":"","format":"standard","meta":{"_et_pb_use_builder":"","_et_pb_old_content":"","_et_gb_content_width":"","footnotes":""},"categories":[11,44],"tags":[],"class_list":["post-19033","post","type-post","status-publish","format-standard","has-post-thumbnail","hentry","category-ciudad","category-funcionarios-de-la-caba"],"_links":{"self":[{"href":"https:\/\/vocesdebaires.com.ar\/index.php\/wp-json\/wp\/v2\/posts\/19033"}],"collection":[{"href":"https:\/\/vocesdebaires.com.ar\/index.php\/wp-json\/wp\/v2\/posts"}],"about":[{"href":"https:\/\/vocesdebaires.com.ar\/index.php\/wp-json\/wp\/v2\/types\/post"}],"author":[{"embeddable":true,"href":"https:\/\/vocesdebaires.com.ar\/index.php\/wp-json\/wp\/v2\/users\/2"}],"replies":[{"embeddable":true,"href":"https:\/\/vocesdebaires.com.ar\/index.php\/wp-json\/wp\/v2\/comments?post=19033"}],"version-history":[{"count":0,"href":"https:\/\/vocesdebaires.com.ar\/index.php\/wp-json\/wp\/v2\/posts\/19033\/revisions"}],"wp:featuredmedia":[{"embeddable":true,"href":"https:\/\/vocesdebaires.com.ar\/index.php\/wp-json\/wp\/v2\/media\/18937"}],"wp:attachment":[{"href":"https:\/\/vocesdebaires.com.ar\/index.php\/wp-json\/wp\/v2\/media?parent=19033"}],"wp:term":[{"taxonomy":"category","embeddable":true,"href":"https:\/\/vocesdebaires.com.ar\/index.php\/wp-json\/wp\/v2\/categories?post=19033"},{"taxonomy":"post_tag","embeddable":true,"href":"https:\/\/vocesdebaires.com.ar\/index.php\/wp-json\/wp\/v2\/tags?post=19033"}],"curies":[{"name":"wp","href":"https:\/\/api.w.org\/{rel}","templated":true}]}}