{"id":19039,"date":"2013-11-12T17:05:39","date_gmt":"2013-11-12T20:05:39","guid":{"rendered":"http:\/\/vocesdebaires.com.ar\/wordpress\/index.php\/2013\/11\/12\/cultura-lombardi-expuso-presupuesto-2014-2\/"},"modified":"2013-11-12T17:05:39","modified_gmt":"2013-11-12T20:05:39","slug":"cultura-lombardi-expuso-presupuesto-2014-2","status":"publish","type":"post","link":"https:\/\/vocesdebaires.com.ar\/index.php\/2013\/11\/12\/cultura-lombardi-expuso-presupuesto-2014-2\/","title":{"rendered":"Cultura: Lombardi expuso presupuesto 2014"},"content":{"rendered":"<p>El Ministro de Cultura de la Ciudad de Buenos Aires, Hern\u00e1n Lomabardi, expuso el ultimo \u00a0viernes del corrientes ante parlamentarios el presupuesto de gastos para su \u00e1rea que en el proyecto enviado por el Ejecutivo tiene asignada la suma de $ 1.695.353,075 que significa un aumento del 46,28% respecto a 2013 cuando el incremento general de la Ciudad es del 42 %. El funcionario especific\u00f3 que la al\u00edcuota del corriente a\u00f1o es del 2,78% y para el 2014 proponemos 2,85% y en lo que respecta al \u00e1rea centralizada del ministerio pas\u00f3 de 1.47 a 2.03 %.&lt;\/span&gt;&lt;span style=\u00bbline-height: 1.3em;\u00bb&gt;Para las actividades centrales en la finalidad servicios sociales el presupuesto financiero total es de $ 144.112,451 de los que se destinar\u00edan $ 112.914 M. a servicios no personales, $ 22.179 M. a gastos de personal y el resto en bienes de consumo, de uso y transferencias.&lt;\/span&gt;<\/p>\n<p>&lt;p&gt;En cuanto al esp\u00edritu de su gesti\u00f3n, destac\u00f3 que \u00abla cultura es el espacio donde nos encontramos y nos reconocemos, es lo que otorga sentido a nuestros h\u00e1bitos y nuestras producciones. Desde todos sus \u00e1mbitos, la Cultura es una herramienta estrat\u00e9gica para la transformaci\u00f3n personal y social, para revertir el proceso de fragmentaci\u00f3n y convertirlo en uno de inclusi\u00f3n social. Este es el compromiso que renovamos para los pr\u00f3ximos a\u00f1os y al que nos comprometemos con acciones concretas, garantizando el acceso universal a la cultura, fomentando y fortaleciendo la formaci\u00f3n, la creaci\u00f3n y la producci\u00f3n art\u00edstico cultural en todas sus disciplinas\u00bb.<\/p>\n<p>&lt;p&gt;Agreg\u00f3 que \u00abpara lograrlo, seguiremos potenciando la pol\u00edtica de festivales nacionales e internacionales que nos proyecten al mundo y atraigan al turismo. Continuaremos profundizando en las acciones culturales barriales, vinculadas a nuestra identidad y al turismo, para promover la producci\u00f3n y las exportaciones culturales. Asimismo, ahondaremos en la renovaci\u00f3n de nuestra infraestructura cultural para beneficio de residentes, visitantes y turistas. Continuaremos instaurando el tango como emblema cultural de Buenos Aires profundizando la jerarquizaci\u00f3n y la promoci\u00f3n de los circuitos y actividades ligados a nuestra m\u00fasica ciudadana y reconocidos en el art\u00edculo 32 de la Constituci\u00f3n de la Ciudad Aut\u00f3noma de Buenos Aires, promoviendo el patrimonio cultural inmaterial de la ciudad\u00bb. Como lineamientos generales mencion\u00f3 \u00abla cultura de la solidaridad, una gesti\u00f3n descentralizada y transparente junto a los vecinos y una cultura de calidad\u00bb.<\/p>\n<p>&lt;p&gt;Acciones espec\u00edficas<\/p>\n<p>&lt;p&gt;Tras referirse a los objetivos y acciones espec\u00edficas de la gesti\u00f3n destac\u00f3, entre otros, la Usina del Arte que ocupa una superficie de 15.000 m2 en av. Pedro de Mendoza entre Caffarena y Benito P\u00e9rez Gald\u00f3s y contar\u00e1 con una sala para conciertos filarm\u00f3nicos con capacidad para 1.200 personas y otra para orquestas de c\u00e1maras con 400 butacas y tambi\u00e9n dispondr\u00e1 de espacios para la realizaci\u00f3n de espect\u00e1culos de danza, exhibiciones de artes pl\u00e1sticas, muestras y exposiciones. Apunt\u00f3 que \u00aba 300 metros hemos trasladado los nuevos dep\u00f3sitos del Museo del Cine\u00bb.<\/p>\n<p>&lt;p&gt;Adem\u00e1s, record\u00f3 la reinaguraci\u00f3n del Museo de Arte Moderno de BA -MAMBA, el fortalecimiento de Polo Circo, la obra de Barraca Pe\u00f1a, cuya \u00abprimera fase se pondr\u00e1 en marcha el mes pr\u00f3ximo\u00bb seg\u00fan afirm\u00f3. Ciudad del Rock y \u00abel techado del anfitearo del Parque Roca que se har\u00e1 el a\u00f1o pr\u00f3ximo\u00bb, los Museos del Humor y de la Historieta, la nueva tecnolog\u00eda del Planetario, la apertura de la Biblioteca \u00abJoaqu\u00edn V. Gonz\u00e1lez\u00bb y la continuidad de los programas de Promoci\u00f3n de la Lectura y el Cultural en Barrios, fueron otras de las menciones a sus logros. Especialmente se refiri\u00f3 a los festivales masivos que nacieron en Recoleta y se extendieron a la Ciudad y el apoyo al Tercer sector a trav\u00e9s de la Feria del Libro, Base 5, etc., \u00aby el a\u00f1o que viene la estrategia es seguir desarrollando con el foco hacia el sur y al espaci o p\u00fablico y nuevos creadores\u00bb. Anunci\u00f3 que \u00aba mediados de diciembre se har\u00e1 la presentaci\u00f3n p\u00fablica de lo establecido en la Ley 4489\u00bb sobre la red de bibliotecas en las estaciones de subterr\u00e1neos -BiblioSubtes.<\/p>\n<p>&lt;p&gt;\u00bbNuestro gran objetivo para el 2014 es el Complejo del Teatro San Mart\u00edn, as\u00ed como antes se hizo con el Teatro Col\u00f3n. Empezaremos las obras el 15 de diciembre con $ 107 M. y $ 93 M. en 2015 finaciados por la venta de terrenos votada el a\u00f1o pasado por la Legislatura que si bien cubre menos del 25 %, fue un aporte importante que agradezco a los diputados\u00bb. Explic\u00f3 que se trabajar\u00e1 en la Sala de ensayos de danza, en las dos salas grandes y oficinas por lo que anunci\u00f3 el cierre de la \u00abMart\u00edn Coronado para noviembre del a\u00f1o pr\u00f3ximo\u00bb. Respecto a las obras en el Teatro Presidente Alvear, \u00abempiezan el 15 de marzo por ocho meses y adem\u00e1s se avanzar\u00e1 en la recuperaci\u00f3n de trajes, hemos logrado 5.000 sobre 40.000 y se computarizar\u00e1n\u00bb.<\/p>\n<p>&lt;p&gt;Reconocimiento y pedido a los legisladores<\/p>\n<p>&lt;p&gt;El Ministro Lombardi agradeci\u00f3 al cuerpo parlamentario el apoyo y anticip\u00f3 el env\u00edo de \u00abun proyecto de modificaciones a la Ley de Mecenazgo por el que pretendemos quintuplicar el aporte de las empresas que en la actualidad se hayan restringidos y obligan a una ejecuci\u00f3n del 25 por ciento de los proyectos\u00bb. Tambi\u00e9n pidi\u00f3 la \u00abcolaboraci\u00f3n para elaborar un plan estrat\u00e9gico de la danza en Buenos Aires\u00bb a la vez que respecto a la ense\u00f1anza art\u00edstica critic\u00f3 las transferencias educativas en los a\u00f1os 90 sin recursos y destac\u00f3 que \u00abpor primera vez habr\u00e1 inversiones sustantivas de $ 3, 600 M. para el 2014 para la infraestructura que est\u00e1 tan mal\u00bb.<\/p>\n<p>&lt;p&gt;Principales inquietudes<\/p>\n<p>&lt;p&gt;El Diputado Julio Raffo (PSur), primero en las intervenciones, se refiri\u00f3 al Museo del Cine \u00abque no est\u00e1 emplazado en el inmueble que deber\u00eda tener, y que es negativo que sea un edificio alquilado y no posea una infraestructura propia\u00bb. A su vez, se refiri\u00f3 a que \u00ablos recursos asignados para ciertas instituciones no son suficientes y que la Ley 3724 a\u00fan no fue reglamentada. Tambi\u00e9n advirti\u00f3 \u00abque el patrimonio de la Ciudad est\u00e1 siendo agredido por algunas demoliciones de inmuebles protegidos\u00bb, y expres\u00f3 su preocupaci\u00f3n por los m\u00fasicos que no son considerados de igual manera que los escritores. Por otro lado, Roc\u00edo S\u00e1nchez And\u00eda (CC) plante\u00f3 el conflicto que implica la demora en el pago de sueldos y aguinaldos de los docentes, y la reducci\u00f3n del presupuesto asignado para los mismos; y le pidi\u00f3 al Ministro Lombardi las cifras del presupuesto exacto asignado para algunas instituciones y para los festivales que se realizan a lo largo del a\u00f1o.<\/p>\n<p>&lt;p&gt;La Ley de Cultura no reglamentada fue la preocupaci\u00f3n principal del Diputado Alejandro Bodart (MST), ya que sostuvo que es de gran importancia y que es necesario conocer los n\u00fameros concretos asignados para el \u00e1rea. Por su parte, Edgardo Form (NE) plante\u00f3 su duda con respecto a los subsidios recibidos y la relaci\u00f3n del presupuesto y las ventas f\u00edsicas para la Casa de la Cultura, que durante el 2012 recibi\u00f3 m\u00e1s del doble de presupuesto de lo que recibir\u00eda en 2014. Tambi\u00e9n solicit\u00f3 cifras exactas de designaci\u00f3n de presupuesto para el Teatro Col\u00f3n, la Usina del Arte y para orquestas juveniles, entre otros. En tanto, Gabriela Alegre (FpV) sostuvo la importancia de la Ley de Mecenazgo ya que dijo \u00abse pretende trabajar en funci\u00f3n de satisfacer la demanda y que un buen objetivo ser\u00eda que las empresas puedan beneficiar a sus \u00abamigos\u00bb\u00bb. Por \u00faltimo, aludi\u00f3 al destino de la inversi\u00f3n en turismo y c\u00f3mo se manejan los programas culturales de los barrios.<\/p>\n<p>&lt;p&gt;Garc\u00eda Caffi respondi\u00f3 preguntas sobre el Col\u00f3n<\/p>\n<p>&lt;p&gt;El director general art\u00edstico del Teatro Col\u00f3n, Pedro Pablo Garc\u00eda Caffi, a partir de las 13.10 y durante 40 minutos respondi\u00f3 diversas preguntas aclarando que \u00abse avanzar\u00e1 en el proceso de modernizaci\u00f3n de recursos humanos que estos momentos incluye a 1.157 personas\u00bb. Tambi\u00e9n destac\u00f3 que se est\u00e1 conversando una propuesta a los bailarines mayores de 40 a\u00f1os de edad \u00aben 54 casos\u00bb y que el desaf\u00edo para el 2014 es el de incentivar el estudio y desarrollo de las expresiones art\u00edsticas a estudiantes, instituciones y profesionales del medio a trav\u00e9s de la capacitaci\u00f3n en el Instituto Superior de Arte -ISA-, ampliando el sistema de becas y subsidios e incorporando j\u00f3venes artistas nacionales a los t\u00edtulos programados. En cuanto a la localizaci\u00f3n de la sede del ISA se manifest\u00f3 a favor de que en l\u00ednea con otros grandes teatro s \u00abest\u00e9 fuera de la sala, en las proximidades\u00bb.<\/p>\n<p>&lt;p&gt;El Presidente de la Comisi\u00f3n de Presupuesto y Hacienda, Diputado Rogelio Frigerio (PRO), presidi\u00f3 la reuni\u00f3n alternativamente entre las 10.30 y las 13.50 horas con su vicepresidente Alejandro Amor (FpV), secundados por la presidenta de la comisi\u00f3n de Cultura, L\u00eda Rueda (PRO). Al encuentro que se llev\u00f3 a cabo en el Sal\u00f3n Montevideo, ubicado en la planta baja del Palacio Legislativo, \u00a0asistieron los integrantes del gabinete ministerial, los Diputados Julio Raffo (PSur), Alejandro Bodart (MST), Rafael Gentili (PSur), Edgardo Form (NE), Juan Pablo Arenaza (BpU), Francisco Quintana, Fernando de Andreis, Alejandro Garc\u00eda y Jos\u00e9 Luis Acevedo (PRO), y las Diputadas Raquel Herrero, Diana Mart\u00ednez Barrios, Carmen Polledo, Lidia Saya, Karina Spalla, Gabriela Seijo (PRO), Roc\u00edo S\u00e1nchez And\u00eda (CC) y Gabriela Alegre (FpV).<\/p>\n<p>Foto \u00a0 El Ministro de Cultura de la Ciudad Aut\u00f3noma de Buenos Aires, Hern\u00e1n Lombardi, se present\u00f3 en la Legislatura para presentar el presupuesto de su \u00e1rea para el 2014.&lt;\/span&gt;<\/p>\n","protected":false},"excerpt":{"rendered":"<p>El Ministro de Cultura de la Ciudad de Buenos Aires, Hern\u00e1n Lomabardi, expuso el ultimo \u00a0viernes del corrientes ante parlamentarios el presupuesto de gastos para su \u00e1rea que en el proyecto enviado por el Ejecutivo tiene asignada la suma de $ 1.695.353,075 que significa un aumento del 46,28% respecto a 2013 cuando el incremento general [&hellip;]<\/p>\n","protected":false},"author":2,"featured_media":18948,"comment_status":"open","ping_status":"open","sticky":false,"template":"","format":"standard","meta":{"_et_pb_use_builder":"","_et_pb_old_content":"","_et_gb_content_width":"","footnotes":""},"categories":[11,44],"tags":[],"class_list":["post-19039","post","type-post","status-publish","format-standard","has-post-thumbnail","hentry","category-ciudad","category-funcionarios-de-la-caba"],"_links":{"self":[{"href":"https:\/\/vocesdebaires.com.ar\/index.php\/wp-json\/wp\/v2\/posts\/19039"}],"collection":[{"href":"https:\/\/vocesdebaires.com.ar\/index.php\/wp-json\/wp\/v2\/posts"}],"about":[{"href":"https:\/\/vocesdebaires.com.ar\/index.php\/wp-json\/wp\/v2\/types\/post"}],"author":[{"embeddable":true,"href":"https:\/\/vocesdebaires.com.ar\/index.php\/wp-json\/wp\/v2\/users\/2"}],"replies":[{"embeddable":true,"href":"https:\/\/vocesdebaires.com.ar\/index.php\/wp-json\/wp\/v2\/comments?post=19039"}],"version-history":[{"count":0,"href":"https:\/\/vocesdebaires.com.ar\/index.php\/wp-json\/wp\/v2\/posts\/19039\/revisions"}],"wp:featuredmedia":[{"embeddable":true,"href":"https:\/\/vocesdebaires.com.ar\/index.php\/wp-json\/wp\/v2\/media\/18948"}],"wp:attachment":[{"href":"https:\/\/vocesdebaires.com.ar\/index.php\/wp-json\/wp\/v2\/media?parent=19039"}],"wp:term":[{"taxonomy":"category","embeddable":true,"href":"https:\/\/vocesdebaires.com.ar\/index.php\/wp-json\/wp\/v2\/categories?post=19039"},{"taxonomy":"post_tag","embeddable":true,"href":"https:\/\/vocesdebaires.com.ar\/index.php\/wp-json\/wp\/v2\/tags?post=19039"}],"curies":[{"name":"wp","href":"https:\/\/api.w.org\/{rel}","templated":true}]}}