{"id":19040,"date":"2013-11-12T17:16:41","date_gmt":"2013-11-12T20:16:41","guid":{"rendered":"http:\/\/vocesdebaires.com.ar\/wordpress\/index.php\/2013\/11\/12\/presupuesto-presentacion-del-ministerio-de-salud-en-la-legislatura-2\/"},"modified":"2013-11-12T17:16:41","modified_gmt":"2013-11-12T20:16:41","slug":"presupuesto-presentacion-del-ministerio-de-salud-en-la-legislatura-2","status":"publish","type":"post","link":"https:\/\/vocesdebaires.com.ar\/index.php\/2013\/11\/12\/presupuesto-presentacion-del-ministerio-de-salud-en-la-legislatura-2\/","title":{"rendered":"Presupuesto: Presentaci\u00f3n del Ministerio de Salud en la Legislatura"},"content":{"rendered":"<p>La Ministra de Salud del Gobierno porte\u00f1o, Graciela Reybaud inform\u00f3 en la Legislatura porte\u00f1a que el Presupuesto 2014 para esta \u00e1rea de gobierno, incluido en el proyecto de ley del Ejecutivo, asciende a $ 11.660 millones, ubic\u00e1ndose en la segunda posici\u00f3n de acuerdo a su participaci\u00f3n relativa respecto a la suma total del Proyecto de Presupuesto 2014.&lt;\/span&gt;&lt;span style=\u00bbline-height: 1.3em;\u00bb&gt;Brind\u00f3 precisiones durante la reuni\u00f3n en la Comisi\u00f3n de Presupuesto, en el marco de encuentros en los que funcionarios del Ejecutivo y de organismos descentralizados asisten para explicar la ejecuci\u00f3n de gastos 2013 y la proyectada para 2014. \u00abEn el total del presupuesto asignado en el proyecto para el a\u00f1o pr\u00f3ximo hubo un incremento de 3.489 millones con respecto al del 2013\u00bb, explic\u00f3 la funcionaria.&lt;\/span&gt;<\/p>\n<p>&lt;p&gt;La Ministra asegur\u00f3: \u00abDel total del presupuesto solicitado, un 66% ser\u00e1 destinado a los hospitales y Cesacs de las Regiones Sanitarias 1 y 2 (zona sur de la ciudad) y el 34 % ser\u00e1 destinado a los efectores de las Regiones Sanitarias 3 y 4 (zona norte de la ciudad)\u00bb.&lt;span style=\u00bbline-height: 1.3em;\u00bb&gt;Reybaud, afirm\u00f3 que \u00ablo m\u00e1s importante es trabajar en la prevenci\u00f3n y protecci\u00f3n, buscando el beneficio de las personas que requieren nuestra atenci\u00f3n. Esto s\u00f3lo lo podemos lograr brindando soluciones activas a los problemas de salud de los vecinos\u00bb.&lt;\/span&gt;<\/p>\n<p>&lt;p&gt;Asimismo, la responsable del \u00e1rea de salud de la ciudad resalt\u00f3 que \u00abcontinuar\u00e1 reforzando la estrategia de Atenci\u00f3n Primaria de la Salud y la de Salud Mental acercando la salud a la comunidad, al mismo tiempo que buscar\u00e1 brindar servicios de calidad a partir de desarrollar procesos m\u00e1s eficientes y tecnolog\u00eda avanzada\u00bb.\u00a0&lt;span style=\u00bbline-height: 1.3em;\u00bb&gt;En relaci\u00f3n a los objetivos planteados para 2014 ahond\u00f3 la funcionaria: \u00abContinuaremos optimizando el modelo de atencion acercando la salud a todos los vecinos, potenciando la difusi\u00f3n de los servicios. Se fortalecer\u00e1 la atenci\u00f3n primaria de salud, se realizar\u00e1n campa\u00f1as de vacunaci\u00f3n en plazas, se avanzar\u00e1 en una ley de fertilizaci\u00f3n asistida y en la cobertura porte\u00f1a de salud con expendio de medicamentos en farmacias para los beneficiarios. Tambi\u00e9n continuar\u00e1 el control en embarazadas, madres y ni\u00f1ez con el prograna \u00abRed primeros meses\u00bb y con la gesti\u00f3n de la ley 448 de salud mental\u00bb, entre otras consideraciones.&lt;\/span&gt;<\/p>\n<p>&lt;p&gt;En cuanto a la Salud Mental, la Ministra sostuvo que se trabaj\u00f3 y continuar\u00e1 trabajando: \u00aben un programa epidemiol\u00f3gico con una encuesta ya que hac\u00eda m\u00e1s de 40 a\u00f1os que no se hac\u00eda; asistencia y asistencia telef\u00f3nica; asistencia a trabajadores de la salud, programa Cuidar al que Cuida; programas de adultos-j\u00f3venes; programas con animales, entre otros\u00bb. Adem\u00e1s afirm\u00f3 que se \u00abreorganiz\u00f3 el \u00e1rea infanto-juvenil, se realiz\u00f3 un concurso para especialistas y se habilit\u00f3 una guardia infanto-juvenil con m\u00f3viles propios\u00bb.<\/p>\n<p>&lt;p&gt;El Presidente de la Comisi\u00f3n de Presupuesto y Hacienda, Diputado Rogelio Frigerio (PRO), encabez\u00f3 la reuni\u00f3n que comenz\u00f3 a las 15.30 horas en el Sal\u00f3n Eva Per\u00f3n de la Legislatura porte\u00f1a y concluy\u00f3 a las 19.15 horas. Estuvieron presentes los Diputados Fernando de Andreis, Francisco Quintana, Alejandro Garc\u00eda, Karina Spalla, Lidia Saya, Diana Mart\u00ednez Barrios, Carmen Polledo, Lia Rueda, Raquel Herrero (PRO); Gabriela Alegre, Mateo Romeo (FpV); Juan Pablo Arenaza (BpU); Jorge Selser y Virginia Gonz\u00e1lez Gass (PSur); Edgardo Form (NE); Alejandro Bodart (MST); Roc\u00edo S\u00e1nchez And\u00eda (CC); Laura Garc\u00eda Tu\u00f1\u00f3n (BpT) y Rub\u00e9n Campos (UCR).<\/p>\n<p>Foto &#8211; La Ministra de Salud, Dra. Graciela Reybaud, durante su exposici\u00f3n acerca del Presupuesto 2014&lt;\/span&gt;<\/p>\n","protected":false},"excerpt":{"rendered":"<p>La Ministra de Salud del Gobierno porte\u00f1o, Graciela Reybaud inform\u00f3 en la Legislatura porte\u00f1a que el Presupuesto 2014 para esta \u00e1rea de gobierno, incluido en el proyecto de ley del Ejecutivo, asciende a $ 11.660 millones, ubic\u00e1ndose en la segunda posici\u00f3n de acuerdo a su participaci\u00f3n relativa respecto a la suma total del Proyecto de [&hellip;]<\/p>\n","protected":false},"author":2,"featured_media":18950,"comment_status":"open","ping_status":"open","sticky":false,"template":"","format":"standard","meta":{"_et_pb_use_builder":"","_et_pb_old_content":"","_et_gb_content_width":"","footnotes":""},"categories":[11,44],"tags":[],"class_list":["post-19040","post","type-post","status-publish","format-standard","has-post-thumbnail","hentry","category-ciudad","category-funcionarios-de-la-caba"],"_links":{"self":[{"href":"https:\/\/vocesdebaires.com.ar\/index.php\/wp-json\/wp\/v2\/posts\/19040"}],"collection":[{"href":"https:\/\/vocesdebaires.com.ar\/index.php\/wp-json\/wp\/v2\/posts"}],"about":[{"href":"https:\/\/vocesdebaires.com.ar\/index.php\/wp-json\/wp\/v2\/types\/post"}],"author":[{"embeddable":true,"href":"https:\/\/vocesdebaires.com.ar\/index.php\/wp-json\/wp\/v2\/users\/2"}],"replies":[{"embeddable":true,"href":"https:\/\/vocesdebaires.com.ar\/index.php\/wp-json\/wp\/v2\/comments?post=19040"}],"version-history":[{"count":0,"href":"https:\/\/vocesdebaires.com.ar\/index.php\/wp-json\/wp\/v2\/posts\/19040\/revisions"}],"wp:featuredmedia":[{"embeddable":true,"href":"https:\/\/vocesdebaires.com.ar\/index.php\/wp-json\/wp\/v2\/media\/18950"}],"wp:attachment":[{"href":"https:\/\/vocesdebaires.com.ar\/index.php\/wp-json\/wp\/v2\/media?parent=19040"}],"wp:term":[{"taxonomy":"category","embeddable":true,"href":"https:\/\/vocesdebaires.com.ar\/index.php\/wp-json\/wp\/v2\/categories?post=19040"},{"taxonomy":"post_tag","embeddable":true,"href":"https:\/\/vocesdebaires.com.ar\/index.php\/wp-json\/wp\/v2\/tags?post=19040"}],"curies":[{"name":"wp","href":"https:\/\/api.w.org\/{rel}","templated":true}]}}