{"id":19122,"date":"2013-11-21T16:33:03","date_gmt":"2013-11-21T19:33:03","guid":{"rendered":"http:\/\/vocesdebaires.com.ar\/wordpress\/index.php\/2013\/11\/21\/los-ganadores-de-la-bienal-de-arte-joven\/"},"modified":"2013-11-21T16:33:03","modified_gmt":"2013-11-21T19:33:03","slug":"los-ganadores-de-la-bienal-de-arte-joven","status":"publish","type":"post","link":"https:\/\/vocesdebaires.com.ar\/index.php\/2013\/11\/21\/los-ganadores-de-la-bienal-de-arte-joven\/","title":{"rendered":"Los ganadores de la Bienal de Arte Joven"},"content":{"rendered":"<p>&lt;p&gt;Macri y Vidal junto a los ganadores de la Bienal de Arte Joven de la Ciudad.\u00a0&lt;span style=\u00bbline-height: 1.3em;\u00bb&gt;El jefe de gobierno porte\u00f1o, Mauricio Macri, y la vicejefa Mar\u00eda Eugenia Vidal almorzaron junto \u00a0a los ganadores de la edici\u00f3n 2013 de la Bienal Arte Joven Buenos Aires, mega muestra que reuni\u00f3 a m\u00e1s de 150.000 visitantes en sus 9 sedes porte\u00f1as.&lt;\/span&gt;<\/p>\n<p>Organizada por la Direcci\u00f3n General de Pol\u00edticas de Juventud, que depende de la Vicejefatura porte\u00f1a, la Bienal Joven apunt\u00f3 a ser un espacio de experimentaci\u00f3n de nuevas formas de expresi\u00f3n a trav\u00e9s del arte. Para ello, m\u00e1s de 700 artistas de entre 18 y 32 a\u00f1os expusieron sus obras y creaciones de manera gratuita en 9 sedes.&lt;\/span&gt;&lt;span style=\u00bbline-height: 1.3em;\u00bb&gt;Los ganadores de la Bienal accedieron a becas de formaci\u00f3n en instituciones nacionales e internacionales y al financiamiento de proyectos, adem\u00e1s de haber contado con la \u00a0tutor\u00eda de destacados referentes art\u00edsticos.&lt;\/span&gt;&lt;span style=\u00bbline-height: 1.3em;\u00bb&gt;La muestra comenz\u00f3 el pasado martes 12 de noviembre y cerr\u00f3 el domingo 17 con una ceremonia central de premiaci\u00f3n y una gran fiesta musicalizada por Poncho en el Ciudad Cultural Konex, sede central.&lt;\/span&gt;<\/p>\n","protected":false},"excerpt":{"rendered":"<p>&lt;p&gt;Macri y Vidal junto a los ganadores de la Bienal de Arte Joven de la Ciudad.\u00a0&lt;span style=\u00bbline-height: 1.3em;\u00bb&gt;El jefe de gobierno porte\u00f1o, Mauricio Macri, y la vicejefa Mar\u00eda Eugenia Vidal almorzaron junto \u00a0a los ganadores de la edici\u00f3n 2013 de la Bienal Arte Joven Buenos Aires, mega muestra que reuni\u00f3 a m\u00e1s de 150.000 visitantes [&hellip;]<\/p>\n","protected":false},"author":2,"featured_media":19123,"comment_status":"open","ping_status":"open","sticky":false,"template":"","format":"standard","meta":{"_et_pb_use_builder":"","_et_pb_old_content":"","_et_gb_content_width":"","footnotes":""},"categories":[11,33],"tags":[],"class_list":["post-19122","post","type-post","status-publish","format-standard","has-post-thumbnail","hentry","category-ciudad","category-sociedad-y-cultura-2"],"_links":{"self":[{"href":"https:\/\/vocesdebaires.com.ar\/index.php\/wp-json\/wp\/v2\/posts\/19122"}],"collection":[{"href":"https:\/\/vocesdebaires.com.ar\/index.php\/wp-json\/wp\/v2\/posts"}],"about":[{"href":"https:\/\/vocesdebaires.com.ar\/index.php\/wp-json\/wp\/v2\/types\/post"}],"author":[{"embeddable":true,"href":"https:\/\/vocesdebaires.com.ar\/index.php\/wp-json\/wp\/v2\/users\/2"}],"replies":[{"embeddable":true,"href":"https:\/\/vocesdebaires.com.ar\/index.php\/wp-json\/wp\/v2\/comments?post=19122"}],"version-history":[{"count":0,"href":"https:\/\/vocesdebaires.com.ar\/index.php\/wp-json\/wp\/v2\/posts\/19122\/revisions"}],"wp:featuredmedia":[{"embeddable":true,"href":"https:\/\/vocesdebaires.com.ar\/index.php\/wp-json\/wp\/v2\/media\/19123"}],"wp:attachment":[{"href":"https:\/\/vocesdebaires.com.ar\/index.php\/wp-json\/wp\/v2\/media?parent=19122"}],"wp:term":[{"taxonomy":"category","embeddable":true,"href":"https:\/\/vocesdebaires.com.ar\/index.php\/wp-json\/wp\/v2\/categories?post=19122"},{"taxonomy":"post_tag","embeddable":true,"href":"https:\/\/vocesdebaires.com.ar\/index.php\/wp-json\/wp\/v2\/tags?post=19122"}],"curies":[{"name":"wp","href":"https:\/\/api.w.org\/{rel}","templated":true}]}}