{"id":19151,"date":"2013-11-22T17:05:25","date_gmt":"2013-11-22T20:05:25","guid":{"rendered":"http:\/\/vocesdebaires.com.ar\/wordpress\/index.php\/2013\/11\/22\/personalidades-destacadas-ferrer-celeste-carballo-y-pato-fillol\/"},"modified":"2013-11-22T17:05:25","modified_gmt":"2013-11-22T20:05:25","slug":"personalidades-destacadas-ferrer-celeste-carballo-y-pato-fillol","status":"publish","type":"post","link":"https:\/\/vocesdebaires.com.ar\/index.php\/2013\/11\/22\/personalidades-destacadas-ferrer-celeste-carballo-y-pato-fillol\/","title":{"rendered":"Personalidades Destacadas: Ferrer, Celeste Carballo y Pato Fillol"},"content":{"rendered":"<p>El Cuerpo Parlamentario porte\u00f1o declar\u00f3 Personalidad Destacada de la Ciudad Aut\u00f3noma de Buenos Aires en el \u00e1mbito de la Ciencia al economista y pol\u00edtico Aldo Ferrer quien es profesor Em\u00e9rito de la UBA, fue Ministro de Econom\u00eda y Hacienda, de Obras y Servicios P\u00fablicos, de Econom\u00eda y Trabajo de la Naci\u00f3n y presidente del Banco de la Provincia de Buenos Aires. Escribi\u00f3 libros y publicaciones, y \u00aben la actualidad es uno de los economistas m\u00e1s activos en la denuncia de los efectos negativos de los fen\u00f3menos globalizadores sobre los pa\u00edses perif\u00e9ricos\u00bb seg\u00fan expres\u00f3 la Diputada Mar\u00eda Jos\u00e9 Lubertino (FpV), impulsora del proyecto de Ley.&lt;\/span&gt;<\/p>\n<p>En tanto, en el \u00e1mbito de la Cultura fue distinguida la cantante y compositora Celeste Carballo por su destacada trayectoria en el mundo musical y por ser una de las grandes voces del rock argentino. A los diecinueve a\u00f1os form\u00f3 \u00abAlter Ego\u00bb, su primera banda, junto a su amigo Oscar Mangione en guitarra y Pedro Aznar en el rol de baterista. En 1982, luego de varios a\u00f1os de presencia en el underground, grab\u00f3 su primer disco: \u00abMe Vuelvo Cada D\u00eda M\u00e1s Loca\u00bb. Celeste hizo giras por todo el pa\u00eds y trabaj\u00f3 con Charly Garc\u00eda, Pappo, Fito P\u00e1ez, Andr\u00e9s Calamaro, Fabiana Cantilo, Mercedes Sosa y Sandra Mihanovic, entre otros. Fue reconocida en diferentes oportunidades por su carrera, compuso y escribi\u00f3 textos de tangos. En 2011 lanz\u00f3 su \u00faltimo disco hasta el momento con temas in\u00e9ditos. El autor del proyecto de Ley es el Diputado Daniel Lipovetzky (PRO).&lt;\/span&gt;<\/p>\n<p>Tambi\u00e9n se aprob\u00f3 la declaraci\u00f3n de personalidad destacada en el \u00e1mbito del Deporte a Ubaldo \u00abPato\u00bb Fillol, el ex futbolista argentino que desempe\u00f1aba la posici\u00f3n de arquero. A lo largo de su carrera, se destacan sus incre\u00edbles atajadas, apoyadas en sus reflejos, reacci\u00f3n y unas piernas con una fuerza impresionante. Su primer equipo fue San Miguel de Monte y pas\u00f3 adem\u00e1s por equipos de nivel mundial como River Plate, Racing Club, V\u00e9lez Sarsfield y el Atl\u00e9tico de Madrid. Tuvo una muy destacada trayectoria en la Selecci\u00f3n Argentina, donde resalta el t\u00edtulo conseguido en la Copa Mundial de F\u00fatbol de 1978. Ya retirado incursion\u00f3 en la direcci\u00f3n t\u00e9cnica: primero fue entrenador de arqueros en la Selecci\u00f3n Nacional, luego dirigi\u00f3 uno de los clubes de sus amores: Racing Club y no demor\u00f3 en volver a la Selecci\u00f3n como instructor de arqueros y como orientador de juveniles para formar parte del cuerpo t\u00e9cnico mundialista de Alemania 2006. El Diputado Cristian Ritondo (PRO) fue el impulsor del homenaje.&lt;\/span&gt;<\/p>\n","protected":false},"excerpt":{"rendered":"<p>El Cuerpo Parlamentario porte\u00f1o declar\u00f3 Personalidad Destacada de la Ciudad Aut\u00f3noma de Buenos Aires en el \u00e1mbito de la Ciencia al economista y pol\u00edtico Aldo Ferrer quien es profesor Em\u00e9rito de la UBA, fue Ministro de Econom\u00eda y Hacienda, de Obras y Servicios P\u00fablicos, de Econom\u00eda y Trabajo de la Naci\u00f3n y presidente del Banco [&hellip;]<\/p>\n","protected":false},"author":2,"featured_media":19152,"comment_status":"open","ping_status":"open","sticky":false,"template":"","format":"standard","meta":{"_et_pb_use_builder":"","_et_pb_old_content":"","_et_gb_content_width":"","footnotes":""},"categories":[11,44],"tags":[],"class_list":["post-19151","post","type-post","status-publish","format-standard","has-post-thumbnail","hentry","category-ciudad","category-funcionarios-de-la-caba"],"_links":{"self":[{"href":"https:\/\/vocesdebaires.com.ar\/index.php\/wp-json\/wp\/v2\/posts\/19151"}],"collection":[{"href":"https:\/\/vocesdebaires.com.ar\/index.php\/wp-json\/wp\/v2\/posts"}],"about":[{"href":"https:\/\/vocesdebaires.com.ar\/index.php\/wp-json\/wp\/v2\/types\/post"}],"author":[{"embeddable":true,"href":"https:\/\/vocesdebaires.com.ar\/index.php\/wp-json\/wp\/v2\/users\/2"}],"replies":[{"embeddable":true,"href":"https:\/\/vocesdebaires.com.ar\/index.php\/wp-json\/wp\/v2\/comments?post=19151"}],"version-history":[{"count":0,"href":"https:\/\/vocesdebaires.com.ar\/index.php\/wp-json\/wp\/v2\/posts\/19151\/revisions"}],"wp:featuredmedia":[{"embeddable":true,"href":"https:\/\/vocesdebaires.com.ar\/index.php\/wp-json\/wp\/v2\/media\/19152"}],"wp:attachment":[{"href":"https:\/\/vocesdebaires.com.ar\/index.php\/wp-json\/wp\/v2\/media?parent=19151"}],"wp:term":[{"taxonomy":"category","embeddable":true,"href":"https:\/\/vocesdebaires.com.ar\/index.php\/wp-json\/wp\/v2\/categories?post=19151"},{"taxonomy":"post_tag","embeddable":true,"href":"https:\/\/vocesdebaires.com.ar\/index.php\/wp-json\/wp\/v2\/tags?post=19151"}],"curies":[{"name":"wp","href":"https:\/\/api.w.org\/{rel}","templated":true}]}}