{"id":1919,"date":"2020-06-25T03:00:00","date_gmt":"2020-06-25T06:00:00","guid":{"rendered":"http:\/\/vocesdebaires.com.ar\/wordpress\/index.php\/2020\/06\/25\/adop-adopi-denuncian-el-desguace-del-programa\/"},"modified":"2020-06-25T03:00:00","modified_gmt":"2020-06-25T06:00:00","slug":"adop-adopi-denuncian-el-desguace-del-programa","status":"publish","type":"post","link":"https:\/\/vocesdebaires.com.ar\/index.php\/2020\/06\/25\/adop-adopi-denuncian-el-desguace-del-programa\/","title":{"rendered":"ADOP ADOPI denuncian el desguace del Programa"},"content":{"rendered":"<p>En un contexto donde las necesidades de salud mental de la poblaci\u00f3n debe ser un eje central en materia de pol\u00edticas p\u00fablicas ante el impacto del aislamiento social, el miedo al contagio, la p\u00e9rdida de familiares, de empleo, etc., la desidia en que la Direcci\u00f3n General de Salud Mental y el Ministerio de Salud del GCBA mantiene a las trabajadoras y por ende a los usuarios es alarmante. Salarios menores a $10000 de bolsillo, vi\u00e1ticos y tel\u00e9fonos costeados por los trabajadores, amenazas de no cobro o incertidumbre ante las trabas burocr\u00e1ticas para el cobro del salario, actitudes persecutorias por parte del empleador que se agravaron en contexto de pandemia y reclamos justos, que son deso\u00eddos sistem\u00e1ticamente.<\/p>\n<p>Compa\u00f1eros valios\u00edsimos que sostuvieron la tarea con su profesionalismo, su cuerpo y la fuerte convicci\u00f3n de que el Programa ADOP ADOPI es garante de m\u00faltiples derechos a la poblaci\u00f3n usuaria, hoy se ven obligados a dejar su trabajo ante este plan sistem\u00e1tico de desgaste y maltrato por parte del GCBA. Esta es una forma m\u00e1s de vulneraci\u00f3n de derechos de la poblaci\u00f3n usuaria de la que hacemos responsable a la Direcci\u00f3n General de Salud Mental y al Ministerio de Salud del GCBA.<\/p>\n","protected":false},"excerpt":{"rendered":"<p>En un contexto donde las necesidades de salud mental de la poblaci\u00f3n debe ser un eje central en materia de pol\u00edticas p\u00fablicas ante el impacto del aislamiento social, el miedo al contagio, la p\u00e9rdida de familiares, de empleo, etc., la desidia en que la Direcci\u00f3n General de Salud Mental y el Ministerio de Salud del [&hellip;]<\/p>\n","protected":false},"author":1,"featured_media":1920,"comment_status":"open","ping_status":"open","sticky":false,"template":"","format":"standard","meta":{"_et_pb_use_builder":"","_et_pb_old_content":"","_et_gb_content_width":"","footnotes":""},"categories":[12,34],"tags":[],"class_list":["post-1919","post","type-post","status-publish","format-standard","has-post-thumbnail","hentry","category-nacion","category-politica"],"_links":{"self":[{"href":"https:\/\/vocesdebaires.com.ar\/index.php\/wp-json\/wp\/v2\/posts\/1919"}],"collection":[{"href":"https:\/\/vocesdebaires.com.ar\/index.php\/wp-json\/wp\/v2\/posts"}],"about":[{"href":"https:\/\/vocesdebaires.com.ar\/index.php\/wp-json\/wp\/v2\/types\/post"}],"author":[{"embeddable":true,"href":"https:\/\/vocesdebaires.com.ar\/index.php\/wp-json\/wp\/v2\/users\/1"}],"replies":[{"embeddable":true,"href":"https:\/\/vocesdebaires.com.ar\/index.php\/wp-json\/wp\/v2\/comments?post=1919"}],"version-history":[{"count":0,"href":"https:\/\/vocesdebaires.com.ar\/index.php\/wp-json\/wp\/v2\/posts\/1919\/revisions"}],"wp:featuredmedia":[{"embeddable":true,"href":"https:\/\/vocesdebaires.com.ar\/index.php\/wp-json\/wp\/v2\/media\/1920"}],"wp:attachment":[{"href":"https:\/\/vocesdebaires.com.ar\/index.php\/wp-json\/wp\/v2\/media?parent=1919"}],"wp:term":[{"taxonomy":"category","embeddable":true,"href":"https:\/\/vocesdebaires.com.ar\/index.php\/wp-json\/wp\/v2\/categories?post=1919"},{"taxonomy":"post_tag","embeddable":true,"href":"https:\/\/vocesdebaires.com.ar\/index.php\/wp-json\/wp\/v2\/tags?post=1919"}],"curies":[{"name":"wp","href":"https:\/\/api.w.org\/{rel}","templated":true}]}}