{"id":19225,"date":"2013-04-12T19:39:40","date_gmt":"2013-04-12T22:39:40","guid":{"rendered":"http:\/\/vocesdebaires.com.ar\/wordpress\/index.php\/2013\/04\/12\/copa-libertadores-arbitros-para-los-equipos-argentinos-2\/"},"modified":"2013-04-12T19:39:40","modified_gmt":"2013-04-12T22:39:40","slug":"copa-libertadores-arbitros-para-los-equipos-argentinos-2","status":"publish","type":"post","link":"https:\/\/vocesdebaires.com.ar\/index.php\/2013\/04\/12\/copa-libertadores-arbitros-para-los-equipos-argentinos-2\/","title":{"rendered":"Copa Libertadores: Arbitros para los equipos argentinos"},"content":{"rendered":"<p>La Comisi\u00f3n de \u00c1rbitros de la Conmebol realiz\u00f3 la designaci\u00f3n de \u00e1rbitros para los encuentros que jugar\u00e1n los equipos argentinos, correspondientes a la Fase Grupal de la Copa Bridgestone Libertadores 2013.A cotinuaci\u00f3n se detallan las ternas arbitrales para los partidos entre Toluca-Boca Juniors, Arsenal-The Strongest y Libertad-Tigre:<br \/>\n\u00a0<br \/>\n Mi\u00e9rcoles 17 de abril<br \/>\n19.45&#8211; Toluca de M\u00e9xico-Boca Juniors<br \/>\n\u00c1rbitro: Imer Machado (Col)<br \/>\nAsistente 1: Wilmar Navarro (Col)<br \/>\nAsistente 2: Wilson Berrio (Col)<br \/>\n\u00a0<br \/>\n 22.00&#8211; Arsenal FC-The Strongest de Bolivia<br \/>\n\u00c1rbitro: Carlos Vera (Ecu)<br \/>\nAsistente 1: Christian Lescano (Ecu)<br \/>\nAsistente 2: Byron Romero (Ecu)<br \/>\n\u00a0<br \/>\n Jueves 18 de abril<br \/>\n19.45&#8211; Libertad de Paraguay-Tigre<br \/>\n\u00c1rbitro: Wilmar Rold\u00e1n (Col)<br \/>\nAsistente 1: Eduardo D\u00edaz (Col)<br \/>\nAsistente 2: Cristian De La Cruz (Col)<br \/>\n Estos son los encuentros que dirigir\u00e1n las ternas argentinas:<br \/>\n\u00a0<br \/>\nMartes 16 de abril<br \/>\n20.15&#8211; Cerro Porte\u00f1o-Deportes Tolima<br \/>\n\u00c1rbitro: Diego Abal (Arg)<br \/>\nAsistente 1: Hern\u00e1n Maidana (Arg)<br \/>\nasistente 2: Julio Fern\u00e1ndez (Arg)<br \/>\n\u00a0<br \/>\n Jueves 18 de abril<br \/>\n22.00&#8211; Fluminense-Caracas FC<br \/>\n\u00c1rbitro: N\u00e9stor Pitana (Arg)<br \/>\nAsistente 1: Diego Bonf\u00e1 (Arg)<br \/>\nAsistente 2: Ernesto Uziga (Arg)<br \/>\n\u00a0<br \/>\n\u00a0<br \/>\n\u00a0<br \/>\n\u00a0<br \/>\n\u00a0<br \/>\n\u00a0<\/p>\n","protected":false},"excerpt":{"rendered":"<p>La Comisi\u00f3n de \u00c1rbitros de la Conmebol realiz\u00f3 la designaci\u00f3n de \u00e1rbitros para los encuentros que jugar\u00e1n los equipos argentinos, correspondientes a la Fase Grupal de la Copa Bridgestone Libertadores 2013.A cotinuaci\u00f3n se detallan las ternas arbitrales para los partidos entre Toluca-Boca Juniors, Arsenal-The Strongest y Libertad-Tigre: \u00a0 Mi\u00e9rcoles 17 de abril 19.45&#8211; Toluca de [&hellip;]<\/p>\n","protected":false},"author":2,"featured_media":15759,"comment_status":"open","ping_status":"open","sticky":false,"template":"","format":"standard","meta":{"_et_pb_use_builder":"","_et_pb_old_content":"","_et_gb_content_width":"","footnotes":""},"categories":[14,50],"tags":[],"class_list":["post-19225","post","type-post","status-publish","format-standard","has-post-thumbnail","hentry","category-deportes","category-futbol-internacional-2"],"_links":{"self":[{"href":"https:\/\/vocesdebaires.com.ar\/index.php\/wp-json\/wp\/v2\/posts\/19225"}],"collection":[{"href":"https:\/\/vocesdebaires.com.ar\/index.php\/wp-json\/wp\/v2\/posts"}],"about":[{"href":"https:\/\/vocesdebaires.com.ar\/index.php\/wp-json\/wp\/v2\/types\/post"}],"author":[{"embeddable":true,"href":"https:\/\/vocesdebaires.com.ar\/index.php\/wp-json\/wp\/v2\/users\/2"}],"replies":[{"embeddable":true,"href":"https:\/\/vocesdebaires.com.ar\/index.php\/wp-json\/wp\/v2\/comments?post=19225"}],"version-history":[{"count":0,"href":"https:\/\/vocesdebaires.com.ar\/index.php\/wp-json\/wp\/v2\/posts\/19225\/revisions"}],"wp:featuredmedia":[{"embeddable":true,"href":"https:\/\/vocesdebaires.com.ar\/index.php\/wp-json\/wp\/v2\/media\/15759"}],"wp:attachment":[{"href":"https:\/\/vocesdebaires.com.ar\/index.php\/wp-json\/wp\/v2\/media?parent=19225"}],"wp:term":[{"taxonomy":"category","embeddable":true,"href":"https:\/\/vocesdebaires.com.ar\/index.php\/wp-json\/wp\/v2\/categories?post=19225"},{"taxonomy":"post_tag","embeddable":true,"href":"https:\/\/vocesdebaires.com.ar\/index.php\/wp-json\/wp\/v2\/tags?post=19225"}],"curies":[{"name":"wp","href":"https:\/\/api.w.org\/{rel}","templated":true}]}}