{"id":1933,"date":"2020-06-30T03:00:00","date_gmt":"2020-06-30T06:00:00","guid":{"rendered":"http:\/\/vocesdebaires.com.ar\/wordpress\/index.php\/2020\/06\/30\/intento-vender-un-auto-mellizo-y-lo-detienen\/"},"modified":"2020-06-30T03:00:00","modified_gmt":"2020-06-30T06:00:00","slug":"intento-vender-un-auto-mellizo-y-lo-detienen","status":"publish","type":"post","link":"https:\/\/vocesdebaires.com.ar\/index.php\/2020\/06\/30\/intento-vender-un-auto-mellizo-y-lo-detienen\/","title":{"rendered":"Intento vender un auto \u00abmellizo\u00bb y lo detienen"},"content":{"rendered":"<p>Personal de la Comisaria Vecinal 12A de la Polic\u00eda de la Ciudad recibi\u00f3 una denuncia seg\u00fan la cual el damnificado, un hombre de 35 a\u00f1os vecino del barrio de Saavedra, se hab\u00eda encontrado d\u00edas antes con el vendedor de un Renault Kwid, acordando la compraventa del auto por la suma de 4 mil d\u00f3lares, la cual concretar\u00edan en la zona de las avenidas General Paz y San Mart\u00edn. Sin embargo, al verificar los datos por su cuenta, el denunciante descubri\u00f3 que el vendedor no era el titular del veh\u00edculo, por lo cual obtuvo la direcci\u00f3n y el tel\u00e9fono del mismo, y al comunicarse y consultarle sobre la venta del rodado, \u00e9ste refiri\u00f3 que no ten\u00eda el auto en venta, agregando que recientemente hab\u00eda sufrido el robo de ambas chapas patentes debiendo tramitar los duplicados.<\/p>\n<p>Ante esta situaci\u00f3n, el comprador asumiendo que ser\u00eda v\u00edctima de una estafa, radic\u00f3 la denuncia, y la Polic\u00eda de la Ciudad consult\u00f3 con la Fiscal\u00eda de Saavedra, la cual dispuso dar intervenci\u00f3n a las brigadas de la Comisar\u00eda Vecinal 12A para que llevaran a cabo una \u00abcompra controlada\u00bb, previa autorizaci\u00f3n del juzgado Nacional en lo Criminal y Correccional N.\u00ba 44, a cargo del Dr. S\u00e1nchez Sarmiento. La operaci\u00f3n fue pactada en la estaci\u00f3n de servicio ubicada en la zona de General Paz y avenida De Los Constituyentes, y los efectivos policiales montaron un discreto operativo dentro del free shop, en donde ser\u00eda realizada la transacci\u00f3n, y en los ingresos y egresos de la estaci\u00f3n.<\/p>\n<p>El sospechoso se hizo presente con el auto en cuesti\u00f3n, y tras aguardar al comprador por unos minutos, repentinamente emprendi\u00f3 la retirada, siendo interceptado por los oficiales quienes se anunciaron d\u00e1ndole la voz de alto, y le solicitaron que descendiera del rodado para su identificaci\u00f3n.  Instantes m\u00e1s tarde, el denunciante se hizo presente y confirm\u00f3 que se trataba del vendedor, y en presencia de otros dos testigos se realiz\u00f3 una requisa, hallando en el auto un formulario 08 con los datos del comprador en blanco, una c\u00e9dula automotor visiblemente ap\u00f3crifa, y luego se comprob\u00f3 que tanto el n\u00famero de chasis como el de motor correspond\u00edan a otro Renault Kwid que registraba un pedido de secuestro por robo con fecha 27\/02\/2020, a solicitud de la Comisaria 1\u00aa de Tres de Febrero, Provincia de Buenos Aires. El juzgado dispuso la detenci\u00f3n del vendedor y su traslado a la Alcaid\u00eda correspondiente, imputado por tentativa de estafa, encubrimiento por robo, hurto de chapas patentes y falsificaci\u00f3n de documento p\u00fablico.<\/p>\n","protected":false},"excerpt":{"rendered":"<p>Personal de la Comisaria Vecinal 12A de la Polic\u00eda de la Ciudad recibi\u00f3 una denuncia seg\u00fan la cual el damnificado, un hombre de 35 a\u00f1os vecino del barrio de Saavedra, se hab\u00eda encontrado d\u00edas antes con el vendedor de un Renault Kwid, acordando la compraventa del auto por la suma de 4 mil d\u00f3lares, la [&hellip;]<\/p>\n","protected":false},"author":1,"featured_media":1934,"comment_status":"open","ping_status":"open","sticky":false,"template":"","format":"standard","meta":{"_et_pb_use_builder":"","_et_pb_old_content":"","_et_gb_content_width":"","footnotes":""},"categories":[11,32],"tags":[],"class_list":["post-1933","post","type-post","status-publish","format-standard","has-post-thumbnail","hentry","category-ciudad","category-comunas"],"_links":{"self":[{"href":"https:\/\/vocesdebaires.com.ar\/index.php\/wp-json\/wp\/v2\/posts\/1933"}],"collection":[{"href":"https:\/\/vocesdebaires.com.ar\/index.php\/wp-json\/wp\/v2\/posts"}],"about":[{"href":"https:\/\/vocesdebaires.com.ar\/index.php\/wp-json\/wp\/v2\/types\/post"}],"author":[{"embeddable":true,"href":"https:\/\/vocesdebaires.com.ar\/index.php\/wp-json\/wp\/v2\/users\/1"}],"replies":[{"embeddable":true,"href":"https:\/\/vocesdebaires.com.ar\/index.php\/wp-json\/wp\/v2\/comments?post=1933"}],"version-history":[{"count":0,"href":"https:\/\/vocesdebaires.com.ar\/index.php\/wp-json\/wp\/v2\/posts\/1933\/revisions"}],"wp:featuredmedia":[{"embeddable":true,"href":"https:\/\/vocesdebaires.com.ar\/index.php\/wp-json\/wp\/v2\/media\/1934"}],"wp:attachment":[{"href":"https:\/\/vocesdebaires.com.ar\/index.php\/wp-json\/wp\/v2\/media?parent=1933"}],"wp:term":[{"taxonomy":"category","embeddable":true,"href":"https:\/\/vocesdebaires.com.ar\/index.php\/wp-json\/wp\/v2\/categories?post=1933"},{"taxonomy":"post_tag","embeddable":true,"href":"https:\/\/vocesdebaires.com.ar\/index.php\/wp-json\/wp\/v2\/tags?post=1933"}],"curies":[{"name":"wp","href":"https:\/\/api.w.org\/{rel}","templated":true}]}}