{"id":1942,"date":"2020-06-29T03:05:39","date_gmt":"2020-06-29T06:05:39","guid":{"rendered":"http:\/\/vocesdebaires.com.ar\/wordpress\/index.php\/2020\/06\/29\/detectar-movil-se-reforzo-la-busqueda\/"},"modified":"2020-06-29T03:05:39","modified_gmt":"2020-06-29T06:05:39","slug":"detectar-movil-se-reforzo-la-busqueda","status":"publish","type":"post","link":"https:\/\/vocesdebaires.com.ar\/index.php\/2020\/06\/29\/detectar-movil-se-reforzo-la-busqueda\/","title":{"rendered":"DETeCTAr M\u00f3vil: Se reforz\u00f3 la b\u00fasqueda"},"content":{"rendered":"<p>Con el objetivo de reforzar el operativo DETeCTAr (Dispositivo Estrat\u00e9gico de Testeo para Coronavirus en Terreno de Argentina), que los gobiernos de la Ciudad y la Naci\u00f3n pusieron en marcha a principios de mayo, desde el pasado lunes 22 de junio se puso en marcha el Operativo DETeCTAr m\u00f3vil. El DETeCTAr m\u00f3vil funciona de manera rotativa en distintos puntos del barrio. Por per\u00edodos de tres d\u00edas permanece en un sector espec\u00edfico para buscar activa e intensivamente los casos de esas manzanas. Estos sectores son, en principio, los m\u00e1s alejados f\u00edsicamente del Polo Mar\u00eda Elena Walsh, que contin\u00faa funcionando como lo viene haciendo.<\/p>\n<p>\u00bfD\u00f3nde funciona el Operativo DETeCTAr M\u00f3vil?<br \/>Lunes 22, martes 23 y mi\u00e9rcoles 24 en el Espacio de la Mujer (San Mart\u00edn)<br \/>Jueves 25, viernes 26 y s\u00e1bado 27 en las Viviendas Nuevas (YPF)<br \/>Viernes 26 y s\u00e1bado 27 tambi\u00e9n en el Centro de Formaci\u00f3n Profesional (Cristo Obrero)<br \/>Lunes 29, martes 30 y mi\u00e9rcoles 1 en la Casa de la Cultura (Play\u00f3n Oeste)<br \/>Lunes 29, martes 30 y mi\u00e9rcoles 1 tambi\u00e9n frente al CeSAC N\u00b0 25 (Ferroviario)<\/p>\n<p>El horario de implementaci\u00f3n de los testeos por Sector es de 9:30 a 12:30 hs. para poder tener resultados en el d\u00eda mediante la utilizaci\u00f3n de tests r\u00e1pidos. Al igual que en el Polo Walsh, se testea \u00fanicamente a los sintom\u00e1ticos y a los contactos estrechos, luego de pasados 7 d\u00edas del resultado positivo del contacto. El objetivo es encontrar a todos los casos positivos de Coronavirus para poder aislarlos y brindarles todos los cuidados necesarios.<\/p>\n","protected":false},"excerpt":{"rendered":"<p>Con el objetivo de reforzar el operativo DETeCTAr (Dispositivo Estrat\u00e9gico de Testeo para Coronavirus en Terreno de Argentina), que los gobiernos de la Ciudad y la Naci\u00f3n pusieron en marcha a principios de mayo, desde el pasado lunes 22 de junio se puso en marcha el Operativo DETeCTAr m\u00f3vil. El DETeCTAr m\u00f3vil funciona de manera [&hellip;]<\/p>\n","protected":false},"author":1,"featured_media":1943,"comment_status":"open","ping_status":"open","sticky":false,"template":"","format":"standard","meta":{"_et_pb_use_builder":"","_et_pb_old_content":"","_et_gb_content_width":"","footnotes":""},"categories":[11,32],"tags":[],"class_list":["post-1942","post","type-post","status-publish","format-standard","has-post-thumbnail","hentry","category-ciudad","category-comunas"],"_links":{"self":[{"href":"https:\/\/vocesdebaires.com.ar\/index.php\/wp-json\/wp\/v2\/posts\/1942"}],"collection":[{"href":"https:\/\/vocesdebaires.com.ar\/index.php\/wp-json\/wp\/v2\/posts"}],"about":[{"href":"https:\/\/vocesdebaires.com.ar\/index.php\/wp-json\/wp\/v2\/types\/post"}],"author":[{"embeddable":true,"href":"https:\/\/vocesdebaires.com.ar\/index.php\/wp-json\/wp\/v2\/users\/1"}],"replies":[{"embeddable":true,"href":"https:\/\/vocesdebaires.com.ar\/index.php\/wp-json\/wp\/v2\/comments?post=1942"}],"version-history":[{"count":0,"href":"https:\/\/vocesdebaires.com.ar\/index.php\/wp-json\/wp\/v2\/posts\/1942\/revisions"}],"wp:featuredmedia":[{"embeddable":true,"href":"https:\/\/vocesdebaires.com.ar\/index.php\/wp-json\/wp\/v2\/media\/1943"}],"wp:attachment":[{"href":"https:\/\/vocesdebaires.com.ar\/index.php\/wp-json\/wp\/v2\/media?parent=1942"}],"wp:term":[{"taxonomy":"category","embeddable":true,"href":"https:\/\/vocesdebaires.com.ar\/index.php\/wp-json\/wp\/v2\/categories?post=1942"},{"taxonomy":"post_tag","embeddable":true,"href":"https:\/\/vocesdebaires.com.ar\/index.php\/wp-json\/wp\/v2\/tags?post=1942"}],"curies":[{"name":"wp","href":"https:\/\/api.w.org\/{rel}","templated":true}]}}