{"id":1948,"date":"2020-06-29T03:00:00","date_gmt":"2020-06-29T06:00:00","guid":{"rendered":"http:\/\/vocesdebaires.com.ar\/wordpress\/index.php\/2020\/06\/29\/consultorios-psicologicos-reclaman-la-reapertura\/"},"modified":"2020-06-29T03:00:00","modified_gmt":"2020-06-29T06:00:00","slug":"consultorios-psicologicos-reclaman-la-reapertura","status":"publish","type":"post","link":"https:\/\/vocesdebaires.com.ar\/index.php\/2020\/06\/29\/consultorios-psicologicos-reclaman-la-reapertura\/","title":{"rendered":"Consultorios psicol\u00f3gicos reclaman la reapertura"},"content":{"rendered":"<p>La legisladora porte\u00f1a Mar\u00eda Patricia Vischi (UCR-Evoluci\u00f3n) present\u00f3 un proyecto donde propone que la\u00a0 atenci\u00f3n psicol\u00f3gica cl\u00ednica sea considerada esencial, por ser parte del personal de la salud p\u00fablica y sugiere que la Direcci\u00f3n de Salud Mental considere elaborar un protocolo de atenci\u00f3n psicol\u00f3gica ante la evidente necesidad de atender trastornos, patolog\u00edas y terapias que quedaron suspendidas y se vieron seriamente afectadas en muchos casos, teniendo en cuenta que\u00a0 ciertos tratamientos no es posible evaluar o dar un seguimiento\u00a0 por medios tecnol\u00f3gicos.<\/p>\n<p>\u201cSi bien entiendo y comparto plenamente la importancia de las medidas de aislamiento social, preventivo y obligatorio que se est\u00e1n llevando adelante, es preocupante que no se haya incluido en forma expresa a la psicolog\u00eda cl\u00ednica y de la salud en sus diferentes aplicaciones entre las actividades y servicios declarados esenciales en el Decreto 297\/20 donde figura la salud p\u00fablica, tanto en el sector estatal como privado. Estos profesionales pueden y deben hacer un aporte a la comunidad en las mejores condiciones, preservando la salud p\u00fablica con las medidas protocolares correspondientes\u201d, expres\u00f3 la legisladora Patricia\u00a0 Vischi.<\/p>\n<p>Las autoridades de la Facultad de Psicolog\u00eda de la UBA tambi\u00e9n expresaron p\u00fablicamente su preocupaci\u00f3n ante este tema, siendo que el \u201cServicio de Atenci\u00f3n Psicol\u00f3gica frente a la pandemia de la Facultad de Psicolog\u00eda de la Universidad de Buenos Aires\u201d,\u00a0 brinda atenci\u00f3n a distancia, todos los d\u00edas de la semana, fueron observando que las consultas aumentaron y los cuadros cl\u00ednicos se\u00a0 agravaron y complejizado, requiriendo intervenciones de mayor intensidad.<\/p>\n<p>En los servicios de Salud Mental de los efectores de salud de la CABA, la atenci\u00f3n se vio totalmente reducida a partir de la cuarentena, por dificultades propias de su funcionamiento por la pandemia y por el miedo de las personas de concurrir al hospital.\u00a0 En algunos casos los especialistas en estos trastornos,\u00a0 fueron afectados a sectores vinculados al COVID19, con lo cual la cantidad de turnos se ha reducido dram\u00e1ticamente.<br \/>Asimismo la presidente de la Comisi\u00f3n de Salud, agreg\u00f3: \u201cHoy preocupa fundamentalmente\u00a0 la cantidad de trastornos da la salud mental, producto de la pandemia y la cuarentena, que han precipitado la necesidad imperiosa de muchas personas de hacer una consulta con profesionales de la salud mental y es prioritario darles una soluci\u00f3n\u201d.<\/p>\n","protected":false},"excerpt":{"rendered":"<p>La legisladora porte\u00f1a Mar\u00eda Patricia Vischi (UCR-Evoluci\u00f3n) present\u00f3 un proyecto donde propone que la\u00a0 atenci\u00f3n psicol\u00f3gica cl\u00ednica sea considerada esencial, por ser parte del personal de la salud p\u00fablica y sugiere que la Direcci\u00f3n de Salud Mental considere elaborar un protocolo de atenci\u00f3n psicol\u00f3gica ante la evidente necesidad de atender trastornos, patolog\u00edas y terapias que [&hellip;]<\/p>\n","protected":false},"author":1,"featured_media":1949,"comment_status":"open","ping_status":"open","sticky":false,"template":"","format":"standard","meta":{"_et_pb_use_builder":"","_et_pb_old_content":"","_et_gb_content_width":"","footnotes":""},"categories":[11,33],"tags":[],"class_list":["post-1948","post","type-post","status-publish","format-standard","has-post-thumbnail","hentry","category-ciudad","category-sociedad-y-cultura-2"],"_links":{"self":[{"href":"https:\/\/vocesdebaires.com.ar\/index.php\/wp-json\/wp\/v2\/posts\/1948"}],"collection":[{"href":"https:\/\/vocesdebaires.com.ar\/index.php\/wp-json\/wp\/v2\/posts"}],"about":[{"href":"https:\/\/vocesdebaires.com.ar\/index.php\/wp-json\/wp\/v2\/types\/post"}],"author":[{"embeddable":true,"href":"https:\/\/vocesdebaires.com.ar\/index.php\/wp-json\/wp\/v2\/users\/1"}],"replies":[{"embeddable":true,"href":"https:\/\/vocesdebaires.com.ar\/index.php\/wp-json\/wp\/v2\/comments?post=1948"}],"version-history":[{"count":0,"href":"https:\/\/vocesdebaires.com.ar\/index.php\/wp-json\/wp\/v2\/posts\/1948\/revisions"}],"wp:featuredmedia":[{"embeddable":true,"href":"https:\/\/vocesdebaires.com.ar\/index.php\/wp-json\/wp\/v2\/media\/1949"}],"wp:attachment":[{"href":"https:\/\/vocesdebaires.com.ar\/index.php\/wp-json\/wp\/v2\/media?parent=1948"}],"wp:term":[{"taxonomy":"category","embeddable":true,"href":"https:\/\/vocesdebaires.com.ar\/index.php\/wp-json\/wp\/v2\/categories?post=1948"},{"taxonomy":"post_tag","embeddable":true,"href":"https:\/\/vocesdebaires.com.ar\/index.php\/wp-json\/wp\/v2\/tags?post=1948"}],"curies":[{"name":"wp","href":"https:\/\/api.w.org\/{rel}","templated":true}]}}