{"id":19508,"date":"2013-09-02T13:00:36","date_gmt":"2013-09-02T16:00:36","guid":{"rendered":"http:\/\/vocesdebaires.com.ar\/wordpress\/index.php\/2013\/09\/02\/parque-centenario-con-su-estacion-de-bicis-2\/"},"modified":"2013-09-02T13:00:36","modified_gmt":"2013-09-02T16:00:36","slug":"parque-centenario-con-su-estacion-de-bicis-2","status":"publish","type":"post","link":"https:\/\/vocesdebaires.com.ar\/index.php\/2013\/09\/02\/parque-centenario-con-su-estacion-de-bicis-2\/","title":{"rendered":"Parque Centenario, con su estaci\u00f3n de bicis"},"content":{"rendered":"<p>&lt;\/div&gt;<br \/>\n&lt;div&gt;<br \/>\n&lt;div&gt; A partir de ma\u00f1ana, los vecinos de Caballito, Villa Crespo y Almagro podr\u00e1n disfrutar de una nueva estaci\u00f3n de Ecobici, el sistema del Gobierno porte\u00f1o por el cual la gente puede retirar bicicletas de forma gratuita para moverse por la Ciudad. Es que la nueva posta estar\u00e1 ubicada en el Parque Centenario (Patricias Argentinas y Carlos Finlay), donde convergen los tres barrios.&lt;\/div&gt;<br \/>\n&lt;div&gt;Con esta inauguraci\u00f3n, ya son 32 las estaciones que hay en el territorio porte\u00f1o. En la actualidad, hay m\u00e1s de 80 mil personas inscriptas y habilitadas para retirar rodados.&lt;\/div&gt;<br \/>\n&lt;div&gt;\u201cLos usuarios tendr\u00e1n la posibilidad de realizar viajes intermodales (combinando diferentes medios de transporte), ya que estar\u00e1 cerca de la estaci\u00f3n B de subtes y de varias l\u00edneas de colectivo. Adem\u00e1s, esta a diez cuadras de la estaci\u00f3n de Plaza Almagro, la m\u00e1s cercana, por lo que est\u00e1 conectada al sistema p\u00fablico de bicis\u201d, explicaron desde la subsecretar\u00eda de Tr\u00e1nsito de la Ciudad.&lt;\/div&gt;<br \/>\n&lt;div&gt;Seg\u00fan los c\u00e1lculos, utilizando la ciclov\u00eda del Centenario, siguiendo por la de Per\u00f3n y luego por la de Alsina, se podr\u00e1 llegar al Obelisco en menos de media hora.&lt;\/div&gt;<br \/>\n&lt;\/div&gt;<\/p>\n","protected":false},"excerpt":{"rendered":"<p>&lt;\/div&gt; &lt;div&gt; &lt;div&gt; A partir de ma\u00f1ana, los vecinos de Caballito, Villa Crespo y Almagro podr\u00e1n disfrutar de una nueva estaci\u00f3n de Ecobici, el sistema del Gobierno porte\u00f1o por el cual la gente puede retirar bicicletas de forma gratuita para moverse por la Ciudad. Es que la nueva posta estar\u00e1 ubicada en el Parque Centenario [&hellip;]<\/p>\n","protected":false},"author":2,"featured_media":0,"comment_status":"open","ping_status":"open","sticky":false,"template":"","format":"standard","meta":{"_et_pb_use_builder":"","_et_pb_old_content":"","_et_gb_content_width":"","footnotes":""},"categories":[11,32],"tags":[],"class_list":["post-19508","post","type-post","status-publish","format-standard","hentry","category-ciudad","category-comunas"],"_links":{"self":[{"href":"https:\/\/vocesdebaires.com.ar\/index.php\/wp-json\/wp\/v2\/posts\/19508"}],"collection":[{"href":"https:\/\/vocesdebaires.com.ar\/index.php\/wp-json\/wp\/v2\/posts"}],"about":[{"href":"https:\/\/vocesdebaires.com.ar\/index.php\/wp-json\/wp\/v2\/types\/post"}],"author":[{"embeddable":true,"href":"https:\/\/vocesdebaires.com.ar\/index.php\/wp-json\/wp\/v2\/users\/2"}],"replies":[{"embeddable":true,"href":"https:\/\/vocesdebaires.com.ar\/index.php\/wp-json\/wp\/v2\/comments?post=19508"}],"version-history":[{"count":0,"href":"https:\/\/vocesdebaires.com.ar\/index.php\/wp-json\/wp\/v2\/posts\/19508\/revisions"}],"wp:attachment":[{"href":"https:\/\/vocesdebaires.com.ar\/index.php\/wp-json\/wp\/v2\/media?parent=19508"}],"wp:term":[{"taxonomy":"category","embeddable":true,"href":"https:\/\/vocesdebaires.com.ar\/index.php\/wp-json\/wp\/v2\/categories?post=19508"},{"taxonomy":"post_tag","embeddable":true,"href":"https:\/\/vocesdebaires.com.ar\/index.php\/wp-json\/wp\/v2\/tags?post=19508"}],"curies":[{"name":"wp","href":"https:\/\/api.w.org\/{rel}","templated":true}]}}