{"id":1953,"date":"2020-06-29T03:00:00","date_gmt":"2020-06-29T06:00:00","guid":{"rendered":"http:\/\/vocesdebaires.com.ar\/wordpress\/index.php\/2020\/06\/29\/came-repudia-el-vandalismo-rural\/"},"modified":"2020-06-29T03:00:00","modified_gmt":"2020-06-29T06:00:00","slug":"came-repudia-el-vandalismo-rural","status":"publish","type":"post","link":"https:\/\/vocesdebaires.com.ar\/index.php\/2020\/06\/29\/came-repudia-el-vandalismo-rural\/","title":{"rendered":"CAME repudia el vandalismo rural"},"content":{"rendered":"<p>La Confederaci\u00f3n Argentina de la Mediana Empresa (CAME) repudia los constantes hechos vand\u00e1licos que est\u00e1n ocurriendo en zonas rurales, desde roturas de silo bolsas hasta quema de cultivos y cuatrerismo, ataques a la propiedad privada que no s\u00f3lo representan p\u00e9rdidas econ\u00f3micas para el productor directamente damnificado, sino adem\u00e1s impactan negativamente en la recaudaci\u00f3n tributaria nacional, provincial y municipal.\u00a0\u00a0 Atentar contra la producci\u00f3n agropecuaria es, entre otras cosas, violentar el progreso de cada uno de nuestros pueblos del interior.<\/p>\n<p>Un cese o disminuci\u00f3n en el nivel de comercializaci\u00f3n implica no s\u00f3lo un desabastecimiento del producto, sino adem\u00e1s que el productor deje de volcar sus ganancias en el pueblo donde desarrolla su actividad y que los distintos niveles de gobierno se vean imposibilitados de recaudar una serie de impuestos, disminuy\u00e9ndose los montos que podr\u00edan haberse destinado a obra p\u00fablica, lucha contra el hambre y el Covid-19, entre otros. CAME se solidariza con los productores afectados y solicita a las autoridades correspondientes las garant\u00edas necesarias para combatir este tipo de delitos que, adem\u00e1s de estar causando estragos en las zonas rurales, perjudican al sector encargado de garantizar la mesa diaria de todos los argentinos.<\/p>\n","protected":false},"excerpt":{"rendered":"<p>La Confederaci\u00f3n Argentina de la Mediana Empresa (CAME) repudia los constantes hechos vand\u00e1licos que est\u00e1n ocurriendo en zonas rurales, desde roturas de silo bolsas hasta quema de cultivos y cuatrerismo, ataques a la propiedad privada que no s\u00f3lo representan p\u00e9rdidas econ\u00f3micas para el productor directamente damnificado, sino adem\u00e1s impactan negativamente en la recaudaci\u00f3n tributaria nacional, [&hellip;]<\/p>\n","protected":false},"author":1,"featured_media":885,"comment_status":"open","ping_status":"open","sticky":false,"template":"","format":"standard","meta":{"_et_pb_use_builder":"","_et_pb_old_content":"","_et_gb_content_width":"","footnotes":""},"categories":[12,34],"tags":[],"class_list":["post-1953","post","type-post","status-publish","format-standard","has-post-thumbnail","hentry","category-nacion","category-politica"],"_links":{"self":[{"href":"https:\/\/vocesdebaires.com.ar\/index.php\/wp-json\/wp\/v2\/posts\/1953"}],"collection":[{"href":"https:\/\/vocesdebaires.com.ar\/index.php\/wp-json\/wp\/v2\/posts"}],"about":[{"href":"https:\/\/vocesdebaires.com.ar\/index.php\/wp-json\/wp\/v2\/types\/post"}],"author":[{"embeddable":true,"href":"https:\/\/vocesdebaires.com.ar\/index.php\/wp-json\/wp\/v2\/users\/1"}],"replies":[{"embeddable":true,"href":"https:\/\/vocesdebaires.com.ar\/index.php\/wp-json\/wp\/v2\/comments?post=1953"}],"version-history":[{"count":0,"href":"https:\/\/vocesdebaires.com.ar\/index.php\/wp-json\/wp\/v2\/posts\/1953\/revisions"}],"wp:featuredmedia":[{"embeddable":true,"href":"https:\/\/vocesdebaires.com.ar\/index.php\/wp-json\/wp\/v2\/media\/885"}],"wp:attachment":[{"href":"https:\/\/vocesdebaires.com.ar\/index.php\/wp-json\/wp\/v2\/media?parent=1953"}],"wp:term":[{"taxonomy":"category","embeddable":true,"href":"https:\/\/vocesdebaires.com.ar\/index.php\/wp-json\/wp\/v2\/categories?post=1953"},{"taxonomy":"post_tag","embeddable":true,"href":"https:\/\/vocesdebaires.com.ar\/index.php\/wp-json\/wp\/v2\/tags?post=1953"}],"curies":[{"name":"wp","href":"https:\/\/api.w.org\/{rel}","templated":true}]}}