{"id":19563,"date":"2013-12-10T13:08:37","date_gmt":"2013-12-10T16:08:37","guid":{"rendered":"http:\/\/vocesdebaires.com.ar\/wordpress\/index.php\/2013\/12\/10\/lipovetzky-analizo-los-30-anos-de-democracia-2\/"},"modified":"2013-12-10T13:08:37","modified_gmt":"2013-12-10T16:08:37","slug":"lipovetzky-analizo-los-30-anos-de-democracia-2","status":"publish","type":"post","link":"https:\/\/vocesdebaires.com.ar\/index.php\/2013\/12\/10\/lipovetzky-analizo-los-30-anos-de-democracia-2\/","title":{"rendered":"Lipovetzky analiz\u00f3 los 30 a\u00f1os de democracia"},"content":{"rendered":"<p>\u00a0<br \/>\n El legislador porte\u00f1o del PRO Daniel Lipovetzky analiz\u00f3 los 30 a\u00f1os de democracia en relaci\u00f3n al aniversario por la asunci\u00f3n del Dr. Ra\u00fal Alfons\u00edn como presidente de la Naci\u00f3n, luego de un per\u00edodo nefasto de nuestra historia en donde pensar diferente se pagaba con la vida. &quot;La tarea legislativa es de gran importancia ya que es el lugar en donde se discute y se manifiestan las diferencias pero sobre todo es el espacio en donde se arriban a los consensos. Es \u00a0donde se apela a lo que nos une, como sociedad y como seres humanos. All\u00ed se ejerce diariamente el esp\u00edritu democr\u00e1tico&quot; expres\u00f3 \u00a0el legislador \u00a0del PRO.<br \/>\n En relaci\u00f3n a las \u00faltimas tres d\u00e9cadas, el ex secretario de Derechos Humanos de la Ciudad reflexion\u00f3: \u201cEn estos \u00a0a\u00f1os de democracia, hemos transitado muchas cosas: el juicio a las juntas, los alzamientos militares, luego las leyes de Obediencia de Vida y Punto Final, los indultos, las crisis econ\u00f3micas, la desaparici\u00f3n de Jorge Julio L\u00f3pez, los casos Mariano Ferreyra, Kosteki y Santill\u00e1n; pero a pesar de lo dif\u00edcil del camino, siempre como pueblo \u00a0los argentinos hemos decidido no bajar los brazos y defender la democracia a pesar de las equivocaciones, \u00a0los desmanejos y \u00a0las cavilaciones de los dirigentes. Y agreg\u00f3: &quot;Por ello, a 30 a\u00f1os de la recuperaci\u00f3n de la democracia y en el D\u00eda internacional de los Derechos Humanos, es preciso resguardar esta joven democracia, apostar al respeto de las ideas y construir a partir del consenso sumando en nuestra tarea diaria espacios de di\u00e1logo y reflexi\u00f3n.&quot;<br \/>\n Adem\u00e1s, Lipovetzky record\u00f3 a Nelson Mandela, el \u00a0l\u00edder africano fallecido recientemente como ejemplo de dirigente pol\u00edtico e incansable luchador por la democracia: \u201cEste hombre, m\u00e1s que nadie entendi\u00f3 el servicio de la pol\u00edtica y su funci\u00f3n social, convirti\u00f3 el odio y el resentimiento en paz y uni\u00f3n en una naci\u00f3n que parec\u00eda irreconciliable. Tuvo la lucidez, pero sobre todo la humildad de reconocer sus fragilidades, de brindarse con generosidad en pos de un proyecto superador e inclusivo, eso es el esp\u00edritu democr\u00e1tico en su m\u00e1xima expresi\u00f3n. Supo aceptar el pasado, construir un presente sobre la base del consenso y un futuro sin ninguna duda m\u00e1s inclusivo.&quot;<br \/>\n\u00a0<\/p>\n","protected":false},"excerpt":{"rendered":"<p>\u00a0 El legislador porte\u00f1o del PRO Daniel Lipovetzky analiz\u00f3 los 30 a\u00f1os de democracia en relaci\u00f3n al aniversario por la asunci\u00f3n del Dr. Ra\u00fal Alfons\u00edn como presidente de la Naci\u00f3n, luego de un per\u00edodo nefasto de nuestra historia en donde pensar diferente se pagaba con la vida. &quot;La tarea legislativa es de gran importancia ya [&hellip;]<\/p>\n","protected":false},"author":2,"featured_media":16391,"comment_status":"open","ping_status":"open","sticky":false,"template":"","format":"standard","meta":{"_et_pb_use_builder":"","_et_pb_old_content":"","_et_gb_content_width":"","footnotes":""},"categories":[11,44],"tags":[],"class_list":["post-19563","post","type-post","status-publish","format-standard","has-post-thumbnail","hentry","category-ciudad","category-funcionarios-de-la-caba"],"_links":{"self":[{"href":"https:\/\/vocesdebaires.com.ar\/index.php\/wp-json\/wp\/v2\/posts\/19563"}],"collection":[{"href":"https:\/\/vocesdebaires.com.ar\/index.php\/wp-json\/wp\/v2\/posts"}],"about":[{"href":"https:\/\/vocesdebaires.com.ar\/index.php\/wp-json\/wp\/v2\/types\/post"}],"author":[{"embeddable":true,"href":"https:\/\/vocesdebaires.com.ar\/index.php\/wp-json\/wp\/v2\/users\/2"}],"replies":[{"embeddable":true,"href":"https:\/\/vocesdebaires.com.ar\/index.php\/wp-json\/wp\/v2\/comments?post=19563"}],"version-history":[{"count":0,"href":"https:\/\/vocesdebaires.com.ar\/index.php\/wp-json\/wp\/v2\/posts\/19563\/revisions"}],"wp:featuredmedia":[{"embeddable":true,"href":"https:\/\/vocesdebaires.com.ar\/index.php\/wp-json\/wp\/v2\/media\/16391"}],"wp:attachment":[{"href":"https:\/\/vocesdebaires.com.ar\/index.php\/wp-json\/wp\/v2\/media?parent=19563"}],"wp:term":[{"taxonomy":"category","embeddable":true,"href":"https:\/\/vocesdebaires.com.ar\/index.php\/wp-json\/wp\/v2\/categories?post=19563"},{"taxonomy":"post_tag","embeddable":true,"href":"https:\/\/vocesdebaires.com.ar\/index.php\/wp-json\/wp\/v2\/tags?post=19563"}],"curies":[{"name":"wp","href":"https:\/\/api.w.org\/{rel}","templated":true}]}}