{"id":19564,"date":"2013-12-10T13:14:05","date_gmt":"2013-12-10T16:14:05","guid":{"rendered":"http:\/\/vocesdebaires.com.ar\/wordpress\/index.php\/2013\/12\/10\/rebotpresidente-la-comision-de-asuntos-constitucionales-2\/"},"modified":"2013-12-10T13:14:05","modified_gmt":"2013-12-10T16:14:05","slug":"rebotpresidente-la-comision-de-asuntos-constitucionales-2","status":"publish","type":"post","link":"https:\/\/vocesdebaires.com.ar\/index.php\/2013\/12\/10\/rebotpresidente-la-comision-de-asuntos-constitucionales-2\/","title":{"rendered":"Rebot,Presidente la Comisi\u00f3n de Asuntos Constitucionales"},"content":{"rendered":"<p>\u00a0<br \/>\n El legislador porte\u00f1o Helio Rebot (PRO), festej\u00f3 la sanci\u00f3n por parte de la Legislatura porte\u00f1a de las ley que instaura en la ciudad las elecciones Primarias Abiertas Simult\u00e1neas y Obligatorias y el r\u00e9gimen normativo de Boleta \u00danica. \u201cEstas leyes fueron el producto de un trabajo muy arduo de consenso con los diputados y asesores que han hecho un gran esfuerzo\u201d, destac\u00f3 Rebot, quien preside la Comisi\u00f3n de Asuntos Constitucionales. Con respecto al r\u00e9gimen de Boleta \u00danica, el legislador puntualiz\u00f3 en su discurso en el recinto que \u201cdesaparece la obligaci\u00f3n de los partidos pol\u00edticos de garantizar la presencia de sus boletas en el cuarto oscuro a trav\u00e9s de los fiscales partidarios\u201d, ya que esto \u201cser\u00e1 sustituido por una obligaci\u00f3n del Estado de garantizar la Boleta \u00danica para todos los partidos participantes en la elecci\u00f3n general\u201d.<br \/>\n \u201cEste sistema tambi\u00e9n va a estar vigente para la selecci\u00f3n de los precandidatos en las elecciones Primarias, Abiertas, Simult\u00e1neas y Obligatorias. De esta forma, el sistema de Boleta \u00danica se usar\u00e1 tanto en primarias como en elecciones generales\u201d, aclar\u00f3 Rebot, quien hizo hincapi\u00e9 en que, de ahora en m\u00e1s, \u201cse le ofrecer\u00e1 a la ciudadan\u00eda, adem\u00e1s de una modificaci\u00f3n sustantiva en el proceso de selecci\u00f3n de precandidatos partidarios, una modificaci\u00f3n sustantiva en el proceso de selecci\u00f3n de candidatos para la elecci\u00f3n general\u201d lo que inevitablemente \u201cva a condicionar de forma positiva la vida interna y externa de los partidos pol\u00edticos; los va a obligar a ofrecer lo mejor de sus integrantes para que la ciudadan\u00eda elija lo que crea m\u00e1s conveniente\u201d. Con respecto al futuro de la Boleta \u00fanica en el resto del pa\u00eds, Rebot destac\u00f3 las experiencias de Santa Fe, C\u00f3rdoba y Salta, a las que \u201cse incorpora ahora nuestra ciudad. Ser\u00e1 luego la experiencia la que dir\u00e1 si este sistema es apto para ser utilizado en la Naci\u00f3n, nosotros creemos fervientemente que s\u00ed\u201d, finaliz\u00f3 Rebot.<\/p>\n","protected":false},"excerpt":{"rendered":"<p>\u00a0 El legislador porte\u00f1o Helio Rebot (PRO), festej\u00f3 la sanci\u00f3n por parte de la Legislatura porte\u00f1a de las ley que instaura en la ciudad las elecciones Primarias Abiertas Simult\u00e1neas y Obligatorias y el r\u00e9gimen normativo de Boleta \u00danica. \u201cEstas leyes fueron el producto de un trabajo muy arduo de consenso con los diputados y asesores [&hellip;]<\/p>\n","protected":false},"author":2,"featured_media":16393,"comment_status":"open","ping_status":"open","sticky":false,"template":"","format":"standard","meta":{"_et_pb_use_builder":"","_et_pb_old_content":"","_et_gb_content_width":"","footnotes":""},"categories":[11,44],"tags":[],"class_list":["post-19564","post","type-post","status-publish","format-standard","has-post-thumbnail","hentry","category-ciudad","category-funcionarios-de-la-caba"],"_links":{"self":[{"href":"https:\/\/vocesdebaires.com.ar\/index.php\/wp-json\/wp\/v2\/posts\/19564"}],"collection":[{"href":"https:\/\/vocesdebaires.com.ar\/index.php\/wp-json\/wp\/v2\/posts"}],"about":[{"href":"https:\/\/vocesdebaires.com.ar\/index.php\/wp-json\/wp\/v2\/types\/post"}],"author":[{"embeddable":true,"href":"https:\/\/vocesdebaires.com.ar\/index.php\/wp-json\/wp\/v2\/users\/2"}],"replies":[{"embeddable":true,"href":"https:\/\/vocesdebaires.com.ar\/index.php\/wp-json\/wp\/v2\/comments?post=19564"}],"version-history":[{"count":0,"href":"https:\/\/vocesdebaires.com.ar\/index.php\/wp-json\/wp\/v2\/posts\/19564\/revisions"}],"wp:featuredmedia":[{"embeddable":true,"href":"https:\/\/vocesdebaires.com.ar\/index.php\/wp-json\/wp\/v2\/media\/16393"}],"wp:attachment":[{"href":"https:\/\/vocesdebaires.com.ar\/index.php\/wp-json\/wp\/v2\/media?parent=19564"}],"wp:term":[{"taxonomy":"category","embeddable":true,"href":"https:\/\/vocesdebaires.com.ar\/index.php\/wp-json\/wp\/v2\/categories?post=19564"},{"taxonomy":"post_tag","embeddable":true,"href":"https:\/\/vocesdebaires.com.ar\/index.php\/wp-json\/wp\/v2\/tags?post=19564"}],"curies":[{"name":"wp","href":"https:\/\/api.w.org\/{rel}","templated":true}]}}