{"id":19566,"date":"2013-12-11T13:51:14","date_gmt":"2013-12-11T16:51:14","guid":{"rendered":"http:\/\/vocesdebaires.com.ar\/wordpress\/index.php\/2013\/12\/11\/bodart-y-los-30-anosuna-democracia-formal-2\/"},"modified":"2013-12-11T13:51:14","modified_gmt":"2013-12-11T16:51:14","slug":"bodart-y-los-30-anosuna-democracia-formal-2","status":"publish","type":"post","link":"https:\/\/vocesdebaires.com.ar\/index.php\/2013\/12\/11\/bodart-y-los-30-anosuna-democracia-formal-2\/","title":{"rendered":"Bodart y los 30 a\u00f1os:&quot;Una democracia formal&quot;"},"content":{"rendered":"<p>\u00a0<br \/>\n  Al cumplirse hoy los 30 a\u00f1os de democracia, el diputado Alejandro Bodart (MST-Nueva Izquierda) hoy plante\u00f3: &quot;Es un logro popular el nunca m\u00e1s a los golpes militares, pero una y otra vez resurgen las tremendas deudas sociales sin respuesta. Tenemos una democracia formal, con gobiernos capitalistas que incumplen las expectativas que despertaron. Lo alentador es que el pueblo trabajador no deja de luchar y cada vez m\u00e1s busca una salida hacia la izquierda.&quot;<br \/>\nBodart agreg\u00f3: &quot;La era Alfons\u00edn termin\u00f3 en hiperinflaci\u00f3n, luego Menem entreg\u00f3 el pa\u00eds, a De la R\u00faa lo ech\u00f3 el Argentinazo y esta &#8216;d\u00e9cada ganada&#8217; de los K culmina entre saqueos, inflaci\u00f3n y bronca. Junto a democratizar la democracia con medidas de control social, hace falta un plan econ\u00f3mico alternativo que recupere todos los recursos y los ponga al servicio del pueblo.&quot;<\/p>\n","protected":false},"excerpt":{"rendered":"<p>\u00a0 Al cumplirse hoy los 30 a\u00f1os de democracia, el diputado Alejandro Bodart (MST-Nueva Izquierda) hoy plante\u00f3: &quot;Es un logro popular el nunca m\u00e1s a los golpes militares, pero una y otra vez resurgen las tremendas deudas sociales sin respuesta. Tenemos una democracia formal, con gobiernos capitalistas que incumplen las expectativas que despertaron. Lo alentador [&hellip;]<\/p>\n","protected":false},"author":2,"featured_media":16397,"comment_status":"open","ping_status":"open","sticky":false,"template":"","format":"standard","meta":{"_et_pb_use_builder":"","_et_pb_old_content":"","_et_gb_content_width":"","footnotes":""},"categories":[11,44],"tags":[],"class_list":["post-19566","post","type-post","status-publish","format-standard","has-post-thumbnail","hentry","category-ciudad","category-funcionarios-de-la-caba"],"_links":{"self":[{"href":"https:\/\/vocesdebaires.com.ar\/index.php\/wp-json\/wp\/v2\/posts\/19566"}],"collection":[{"href":"https:\/\/vocesdebaires.com.ar\/index.php\/wp-json\/wp\/v2\/posts"}],"about":[{"href":"https:\/\/vocesdebaires.com.ar\/index.php\/wp-json\/wp\/v2\/types\/post"}],"author":[{"embeddable":true,"href":"https:\/\/vocesdebaires.com.ar\/index.php\/wp-json\/wp\/v2\/users\/2"}],"replies":[{"embeddable":true,"href":"https:\/\/vocesdebaires.com.ar\/index.php\/wp-json\/wp\/v2\/comments?post=19566"}],"version-history":[{"count":0,"href":"https:\/\/vocesdebaires.com.ar\/index.php\/wp-json\/wp\/v2\/posts\/19566\/revisions"}],"wp:featuredmedia":[{"embeddable":true,"href":"https:\/\/vocesdebaires.com.ar\/index.php\/wp-json\/wp\/v2\/media\/16397"}],"wp:attachment":[{"href":"https:\/\/vocesdebaires.com.ar\/index.php\/wp-json\/wp\/v2\/media?parent=19566"}],"wp:term":[{"taxonomy":"category","embeddable":true,"href":"https:\/\/vocesdebaires.com.ar\/index.php\/wp-json\/wp\/v2\/categories?post=19566"},{"taxonomy":"post_tag","embeddable":true,"href":"https:\/\/vocesdebaires.com.ar\/index.php\/wp-json\/wp\/v2\/tags?post=19566"}],"curies":[{"name":"wp","href":"https:\/\/api.w.org\/{rel}","templated":true}]}}