{"id":19581,"date":"2013-12-12T21:11:44","date_gmt":"2013-12-13T00:11:44","guid":{"rendered":"http:\/\/vocesdebaires.com.ar\/wordpress\/index.php\/2013\/12\/12\/ritondo-tomo-juramento-a-la-legisladora-paula-penacca-2\/"},"modified":"2013-12-12T21:11:44","modified_gmt":"2013-12-13T00:11:44","slug":"ritondo-tomo-juramento-a-la-legisladora-paula-penacca-2","status":"publish","type":"post","link":"https:\/\/vocesdebaires.com.ar\/index.php\/2013\/12\/12\/ritondo-tomo-juramento-a-la-legisladora-paula-penacca-2\/","title":{"rendered":"Ritondo tomo juramento a la legisladora Paula Penacca"},"content":{"rendered":"<p>\u00a0<br \/>\n En tanto, al inicio de la Sesi\u00f3n Ordinaria jur\u00f3 la diputada, Paula Penacca (FpV) en reemplazo del diputado Alejandro Amor (FpV), quien dej\u00f3 su banca para asumir como Defensor del Pueblo de la ciudad, tras la votaci\u00f3n a favor de su nombramiento ocurrida en la \u00faltima sesi\u00f3n.<\/p>\n","protected":false},"excerpt":{"rendered":"<p>\u00a0 En tanto, al inicio de la Sesi\u00f3n Ordinaria jur\u00f3 la diputada, Paula Penacca (FpV) en reemplazo del diputado Alejandro Amor (FpV), quien dej\u00f3 su banca para asumir como Defensor del Pueblo de la ciudad, tras la votaci\u00f3n a favor de su nombramiento ocurrida en la \u00faltima sesi\u00f3n.<\/p>\n","protected":false},"author":2,"featured_media":16427,"comment_status":"open","ping_status":"open","sticky":false,"template":"","format":"standard","meta":{"_et_pb_use_builder":"","_et_pb_old_content":"","_et_gb_content_width":"","footnotes":""},"categories":[11,44],"tags":[],"class_list":["post-19581","post","type-post","status-publish","format-standard","has-post-thumbnail","hentry","category-ciudad","category-funcionarios-de-la-caba"],"_links":{"self":[{"href":"https:\/\/vocesdebaires.com.ar\/index.php\/wp-json\/wp\/v2\/posts\/19581"}],"collection":[{"href":"https:\/\/vocesdebaires.com.ar\/index.php\/wp-json\/wp\/v2\/posts"}],"about":[{"href":"https:\/\/vocesdebaires.com.ar\/index.php\/wp-json\/wp\/v2\/types\/post"}],"author":[{"embeddable":true,"href":"https:\/\/vocesdebaires.com.ar\/index.php\/wp-json\/wp\/v2\/users\/2"}],"replies":[{"embeddable":true,"href":"https:\/\/vocesdebaires.com.ar\/index.php\/wp-json\/wp\/v2\/comments?post=19581"}],"version-history":[{"count":0,"href":"https:\/\/vocesdebaires.com.ar\/index.php\/wp-json\/wp\/v2\/posts\/19581\/revisions"}],"wp:featuredmedia":[{"embeddable":true,"href":"https:\/\/vocesdebaires.com.ar\/index.php\/wp-json\/wp\/v2\/media\/16427"}],"wp:attachment":[{"href":"https:\/\/vocesdebaires.com.ar\/index.php\/wp-json\/wp\/v2\/media?parent=19581"}],"wp:term":[{"taxonomy":"category","embeddable":true,"href":"https:\/\/vocesdebaires.com.ar\/index.php\/wp-json\/wp\/v2\/categories?post=19581"},{"taxonomy":"post_tag","embeddable":true,"href":"https:\/\/vocesdebaires.com.ar\/index.php\/wp-json\/wp\/v2\/tags?post=19581"}],"curies":[{"name":"wp","href":"https:\/\/api.w.org\/{rel}","templated":true}]}}