{"id":19591,"date":"2013-12-14T18:36:05","date_gmt":"2013-12-14T21:36:05","guid":{"rendered":"http:\/\/vocesdebaires.com.ar\/wordpress\/index.php\/2013\/12\/14\/distinguieron-al-dibujante-guillermo-mordillo-2\/"},"modified":"2013-12-14T18:36:05","modified_gmt":"2013-12-14T21:36:05","slug":"distinguieron-al-dibujante-guillermo-mordillo-2","status":"publish","type":"post","link":"https:\/\/vocesdebaires.com.ar\/index.php\/2013\/12\/14\/distinguieron-al-dibujante-guillermo-mordillo-2\/","title":{"rendered":"Distinguieron al dibujante Guillermo Mordillo"},"content":{"rendered":"<p>\u00a0<br \/>\n El dibujante Guillermo Mordillo, destacado en todo el mundo por su labor art\u00edstica, fue reconocido por la Legislatura de la Ciudad de Buenos Aires como Personalidad Destacada en el \u00e1mbito de la Cultura con la ley 4754. Los diputados del PRO Daniel Lipovetzky y L\u00eda Rueda, autores de la iniciativa legislativa, \u00a0junto al Ministro de Cultura de la ciudad, Hern\u00e1n Lombardi, y a la diputada Carmen Polledo le entregaron la distinci\u00f3n al ilustrador en un evento realizado hoy en el Sal\u00f3n Dorado del Palacio Legislativo.<br \/>\nEl Ministro Lombardi le agradeci\u00f3 haber &quot;impulsado la creaci\u00f3n del Museo del humor de la ciudad en 2001 aunque en ese momento no se pudo avanzar por la crisis institucional, pero cuando Macri me convoc\u00f3 pudimos crear el Museo hace menos de dos a\u00f1os&quot;, ubicado en la avenida de los Inmigrantes en Puerto Madero.<br \/>\n&quot;Soy de pocas palabras&quot; empez\u00f3 diciendo el dibujante aunque esta vez quiso relatar una an\u00e9cdota que seg\u00fan explic\u00f3, lo emocion\u00f3 mucho: &quot;Hace unos d\u00edas estando en el Museo del Humor entraron dos chicos de ocho y doce a\u00f1os muy humildemente vestidos y descalzos hablando de Larguirucho. Los segu\u00ed y cuando sal\u00edan luego de haber estado unos cuarenta minutos les pregunt\u00e9 si les hab\u00eda gustado y me dijeron que s\u00ed y el m\u00e1s grande de ellos me cont\u00f3 que dibujaba y espero que siga haci\u00e9ndolo&quot;, anhel\u00f3 y finaliz\u00f3 reviviendo el mometo en el que &quot;se fueron con una ilusi\u00f3n y a Garc\u00eda Ferrer le hubiera gustado mucho esta experiencia&quot;.<br \/>\nEl director del Museo del Humor, Hugo Maradei, destac\u00f3 que &quot;aunque vive en el exterior desde hace casi 60 a\u00f1os, es un verdadero porte\u00f1o. Me llama mensualmente \u00e9l como el resto de los colegas virtuosos que tienen el objetivo de que el Museo sea un v\u00ednculo entre las nuevas generaciones y la m\u00e1s viejas con los valores que son los que expresamos con el humor&quot;.<br \/>\n \u201cVarias generaciones de argentinos, entre los que me incluyo, disfrutamos de las excelentes historietas creadas por Mordillo. Creo que es uno de los grandes genios del dibujo y un hombre que hizo un importante aporte al desarrollo de la cultura latinoamericana&quot; destac\u00f3 el legislador Lipovetzky y luego afirm\u00f3: &quot;De su mano, pudimos recorrer los caminos de la creatividad y la imaginaci\u00f3n. Senderos que reflejan un gran m\u00e9rito por parte del artista para ser reconocido, no s\u00f3lo por la Legislatura porte\u00f1a en este acto sino tambi\u00e9n por el mundo entero\u201d. La presidente de la Comisi\u00f3n parlamentaria de Cultura, la legislatdora Rueda, sostuvo: &quot;Guillermo Mordillo es un gran ilustrador, un gran artista que ha sabido captar gestos y sentimientos para transformarlos en divertidas historietas, con rasgos rom\u00e1nticos y heroicos que reflejan la naturaleza humana. Sus creaciones han sido disfrutadas en varias partes del mundo y lo han transformado en un embajador de la cultura de nuestra ciudad&quot;.<br \/>\nTrayectoria<br \/>\nEl dibujante argentino, que en la actualidad reside en M\u00f3naco Guillermo Mordillo trabaj\u00f3 en revistas de todo el mundo durante los 65 a\u00f1os de carrera. Italia, Francia, Inglaterra, Alemania, Espa\u00f1a, Portugal, B\u00e9lgica, Rusia, Grecia, Jap\u00f3n, Australia, Estados Unidos, Canad\u00e1, M\u00e9xico, Brasil y Argentina son algunos de los tantos pa\u00edses donde sus dibujos e ilustraciones fueron publicados Luego de obtener el certificado de Ilustrador en la Escuela de Periodismo en el a\u00f1o 1948, el dibujante trabaj\u00f3 en Paramount Pictures como asistente de animaci\u00f3n de Popeye y Little Lulu. Ya para la d\u00e9cada de 1970, Mordillo hab\u00eda forjado un reconocimiento internacional a trav\u00e9s de sus propias creaciones: \u201cEl Galion\u201d, \u201cCrazy Cowboy\u201d, \u201cCrazy Crazy\u201d, \u201cLes Girafes\u201d, \u201cMordillo cartoons Opus I, II y III\u201d, entre otros.<br \/>\n\u00a0<br \/>\nFoto : Dibujante Guillermo Mordillo, al recibir la distinci\u00f3n de Personalidad Destacada de la Cultura de manos del los diputados del PRO Daniel Lipovetzky y L\u00eda Rueda<br \/>\n\u00a0<br \/>\n\u00a0<\/p>\n","protected":false},"excerpt":{"rendered":"<p>\u00a0 El dibujante Guillermo Mordillo, destacado en todo el mundo por su labor art\u00edstica, fue reconocido por la Legislatura de la Ciudad de Buenos Aires como Personalidad Destacada en el \u00e1mbito de la Cultura con la ley 4754. Los diputados del PRO Daniel Lipovetzky y L\u00eda Rueda, autores de la iniciativa legislativa, \u00a0junto al Ministro [&hellip;]<\/p>\n","protected":false},"author":2,"featured_media":16446,"comment_status":"open","ping_status":"open","sticky":false,"template":"","format":"standard","meta":{"_et_pb_use_builder":"","_et_pb_old_content":"","_et_gb_content_width":"","footnotes":""},"categories":[11,44],"tags":[],"class_list":["post-19591","post","type-post","status-publish","format-standard","has-post-thumbnail","hentry","category-ciudad","category-funcionarios-de-la-caba"],"_links":{"self":[{"href":"https:\/\/vocesdebaires.com.ar\/index.php\/wp-json\/wp\/v2\/posts\/19591"}],"collection":[{"href":"https:\/\/vocesdebaires.com.ar\/index.php\/wp-json\/wp\/v2\/posts"}],"about":[{"href":"https:\/\/vocesdebaires.com.ar\/index.php\/wp-json\/wp\/v2\/types\/post"}],"author":[{"embeddable":true,"href":"https:\/\/vocesdebaires.com.ar\/index.php\/wp-json\/wp\/v2\/users\/2"}],"replies":[{"embeddable":true,"href":"https:\/\/vocesdebaires.com.ar\/index.php\/wp-json\/wp\/v2\/comments?post=19591"}],"version-history":[{"count":0,"href":"https:\/\/vocesdebaires.com.ar\/index.php\/wp-json\/wp\/v2\/posts\/19591\/revisions"}],"wp:featuredmedia":[{"embeddable":true,"href":"https:\/\/vocesdebaires.com.ar\/index.php\/wp-json\/wp\/v2\/media\/16446"}],"wp:attachment":[{"href":"https:\/\/vocesdebaires.com.ar\/index.php\/wp-json\/wp\/v2\/media?parent=19591"}],"wp:term":[{"taxonomy":"category","embeddable":true,"href":"https:\/\/vocesdebaires.com.ar\/index.php\/wp-json\/wp\/v2\/categories?post=19591"},{"taxonomy":"post_tag","embeddable":true,"href":"https:\/\/vocesdebaires.com.ar\/index.php\/wp-json\/wp\/v2\/tags?post=19591"}],"curies":[{"name":"wp","href":"https:\/\/api.w.org\/{rel}","templated":true}]}}