{"id":19600,"date":"2013-12-16T13:36:18","date_gmt":"2013-12-16T16:36:18","guid":{"rendered":"http:\/\/vocesdebaires.com.ar\/wordpress\/index.php\/2013\/12\/16\/vacantes-online-buscan-agilizar-los-problemas-2\/"},"modified":"2013-12-16T13:36:18","modified_gmt":"2013-12-16T16:36:18","slug":"vacantes-online-buscan-agilizar-los-problemas-2","status":"publish","type":"post","link":"https:\/\/vocesdebaires.com.ar\/index.php\/2013\/12\/16\/vacantes-online-buscan-agilizar-los-problemas-2\/","title":{"rendered":"Vacantes online: Buscan agilizar los problemas"},"content":{"rendered":"<p>\u00a0<br \/>\n El Gobierno porte\u00f1o adelant\u00f3 que para esta semana estar\u00e1n resueltos los problemas que se suscitaron debido al nuevo sistema de inscripci\u00f3n online para escuelas p\u00fablicas. Seg\u00fan reconocieron desde la Ciudad, fueron 3.000 los reclamos de padres que tuvieron inconvenientes o no quedaron conformes con las vacantes que consiguieron para sus hijos mediante el sistema. El ministro de Educaci\u00f3n porte\u00f1o, Esteban Bullrich, dijo que los padres pueden comunicarse al tel\u00e9fono gratuito de la Ciudad (147) para efectuar consultas. \u00bfCu\u00e1les fueron los principales inconvenientes? Hubo varios casos. Hermanos que no pudieron conseguir vacantes en el mismo establecimiento, chicos que no obtuvieron lugar en el colegio que eligieron como prioridad y otros que tuvieron que hacer inscripciones presenciales por el colapso del sistema.<br \/>\n Gremialistas, legisladores de la oposici\u00f3n y padres denunciaron que el nuevo procedimiento \u201cviola los principios del Reglamento Escolar sobre asignaci\u00f3n de vacantes\u201d. All\u00ed est\u00e1 expl\u00edcito, entre otras cuestiones, que tienen prioridad los chicos con hermanos en un colegio y los que ya cursaron otro nivel en esa instituci\u00f3n. El ministro Bullrich reconoci\u00f3 los problemas, aunque sostuvo que fueron pocos en relaci\u00f3n a los 50 mil alumnos que ya tienen vacante adjudicada. El procedimiento debut\u00f3 el 4 de noviembre, con el objetivo de agilizar los tr\u00e1mites. Debieron inscribirse por Internet los alumnos que inician la escolaridad, los que pasaron de nivel (Inicial, Primario o Secundario) o los que se pasan de una escuela privada a una p\u00fablica.<\/p>\n","protected":false},"excerpt":{"rendered":"<p>\u00a0 El Gobierno porte\u00f1o adelant\u00f3 que para esta semana estar\u00e1n resueltos los problemas que se suscitaron debido al nuevo sistema de inscripci\u00f3n online para escuelas p\u00fablicas. Seg\u00fan reconocieron desde la Ciudad, fueron 3.000 los reclamos de padres que tuvieron inconvenientes o no quedaron conformes con las vacantes que consiguieron para sus hijos mediante el sistema. [&hellip;]<\/p>\n","protected":false},"author":2,"featured_media":16463,"comment_status":"open","ping_status":"open","sticky":false,"template":"","format":"standard","meta":{"_et_pb_use_builder":"","_et_pb_old_content":"","_et_gb_content_width":"","footnotes":""},"categories":[11,44],"tags":[],"class_list":["post-19600","post","type-post","status-publish","format-standard","has-post-thumbnail","hentry","category-ciudad","category-funcionarios-de-la-caba"],"_links":{"self":[{"href":"https:\/\/vocesdebaires.com.ar\/index.php\/wp-json\/wp\/v2\/posts\/19600"}],"collection":[{"href":"https:\/\/vocesdebaires.com.ar\/index.php\/wp-json\/wp\/v2\/posts"}],"about":[{"href":"https:\/\/vocesdebaires.com.ar\/index.php\/wp-json\/wp\/v2\/types\/post"}],"author":[{"embeddable":true,"href":"https:\/\/vocesdebaires.com.ar\/index.php\/wp-json\/wp\/v2\/users\/2"}],"replies":[{"embeddable":true,"href":"https:\/\/vocesdebaires.com.ar\/index.php\/wp-json\/wp\/v2\/comments?post=19600"}],"version-history":[{"count":0,"href":"https:\/\/vocesdebaires.com.ar\/index.php\/wp-json\/wp\/v2\/posts\/19600\/revisions"}],"wp:featuredmedia":[{"embeddable":true,"href":"https:\/\/vocesdebaires.com.ar\/index.php\/wp-json\/wp\/v2\/media\/16463"}],"wp:attachment":[{"href":"https:\/\/vocesdebaires.com.ar\/index.php\/wp-json\/wp\/v2\/media?parent=19600"}],"wp:term":[{"taxonomy":"category","embeddable":true,"href":"https:\/\/vocesdebaires.com.ar\/index.php\/wp-json\/wp\/v2\/categories?post=19600"},{"taxonomy":"post_tag","embeddable":true,"href":"https:\/\/vocesdebaires.com.ar\/index.php\/wp-json\/wp\/v2\/tags?post=19600"}],"curies":[{"name":"wp","href":"https:\/\/api.w.org\/{rel}","templated":true}]}}